{"id":49927,"date":"2020-05-12T17:29:03","date_gmt":"2020-05-12T15:29:03","guid":{"rendered":"https:\/\/www.area-press.eu\/comunicatistampa\/?p=49927"},"modified":"2020-05-12T17:29:03","modified_gmt":"2020-05-12T15:29:03","slug":"nicolo-zanon-lincontro-a-milano-per-viaggio-in-italia-la-corte-costituzionale-nelle-scuole","status":"publish","type":"post","link":"https:\/\/www.area-press.eu\/comunicatistampa\/2020\/05\/12\/nicolo-zanon-lincontro-a-milano-per-viaggio-in-italia-la-corte-costituzionale-nelle-scuole\/","title":{"rendered":"Nicol\u00f2 Zanon: l\u2019incontro a Milano per Viaggio in Italia &#8211; La Corte Costituzionale nelle scuole"},"content":{"rendered":"<p><em><strong>Si \u00e8 tenuto il 31 gennaio l&#8217;incontro del Giudice della Corte Costituzionale <a title=\"Nicol\u00f2 Zanon incontra studenti di Milano\" href=\"http:\/\/www.radioradicale.it\/scheda\/596626\/il-giudice-della-corte-costituzionale-nicolo-zanon-incontra-le-studentesse-e-gli\">Nicol\u00f2 Zanon<\/a> con gli studenti del Brera-Lagrange, Istituto milanese di Istruzione Superiore. L&#8217;evento \u00e8 parte di Viaggio in Italia &#8211; La Corte Costituzionale nelle scuole, un progetto finalizzato a diffondere i valori e la cultura costituzionale. Al dibattito hanno partecipato anche il Dirigente Scolastico Federico Militante e la Dirigente presso l&#8217;Ufficio Scolastico Regionale per la Lombardia Maria Rosaria Capuano.<\/strong><\/em><\/p>\n<p><a title=\"Nicol\u00f2 Zanon: incontro con studenti di Milano\" href=\"http:\/\/www.radioradicale.it\/scheda\/596626\/il-giudice-della-corte-costituzionale-nicolo-zanon-incontra-le-studentesse-e-gli\"><img loading=\"lazy\" decoding=\"async\" src=\"https:\/\/0.academia-photos.com\/92697291\/20526019\/20159032\/s200_nicol_.zanon.jpg\" alt=\"Nicol\u00f2 Zanon\" width=\"120\" height=\"120\" \/><\/a><\/p>\n<h2>Nicol\u00f2 Zanon incontra gli studenti a Milano<\/h2>\n<p>Dopo una breve lezione introduttiva incentrata su principi quali giustizia, uguaglianza, libert\u00e0 e sul significato del lavoro svolto dalle Corti, il Giudice della Corte Costituzionale <strong>Nicol\u00f2 Zanon<\/strong> ha aperto cos\u00ec il dibattito con i ragazzi: <em>&#8220;Sono venuto per ascoltare&#8221;<\/em>. Nel corso del libero confronto, il Giudice ha risposto alle numerose domande ricevute dai partecipanti e si \u00e8 soffermato sull&#8217;importanza che la Corte Costituzionale riveste nei confronti delle leggi: si tratta di un <em>&#8220;tremendo potere&#8221;<\/em>, ha spiegato il Giudice, capace di abolire leggi che esprimono la volont\u00e0 del Parlamento, un organo a sua volta eletto dai cittadini in maniera democratica. \u00c8 emerso, dunque, il ruolo di grande rilevanza rivestito dalla Corte, che il Giudice ha condiviso con gli studenti confessando che <em>&#8220;a volte, nelle decisioni pi\u00f9 delicate, si sente un brivido&#8221;.<\/em> L&#8217;incontro ha coinvolto, inoltre, altri temi connessi ai principi della democrazia, il rispetto delle idee e l&#8217;importanza del confronto con gli altri, valori su cui \u00e8 basato il progetto Viaggio in Italia: promuovere la consapevolezza e la condivisione dei valori costituzionali, grazie al confronto e al dialogo, e permettere alla Corte Costituzionale di <em>&#8220;uscire&#8221;<\/em> dal Palazzo della Consulta. <em>&#8220;Tante volte sono entrato in Consulta con una convinzione e dopo il confronto con i colleghi l&#8217;ho modificata&#8221;<\/em>, ha detto <strong>Nicol\u00f2 Zanon<\/strong> agli studenti, evidenziando cos\u00ec quanto sia significativa l&#8217;apertura al dialogo. L&#8217;iniziativa Viaggio in Italia \u00e8 nata nel 2018 ad opera della Corte Costituzionale ed \u00e8 sostenuta dal Ministero dell&#8217;Istruzione, dell&#8217;Universit\u00e0 e della Ricerca. Il progetto \u00e8 giunto alla seconda edizione e propone una serie di incontri tra giudici costituzionali e giovani delle scuole superiori.<\/p>\n<h2>Nicol\u00f2 Zanon: l&#8217;impegno accademico e gli incarichi giuridici<\/h2>\n<p><strong><a title=\"Nicol\u00f2 Zanon, Giudice Corte Costituzionale, incontra studenti Milano\" href=\"http:\/\/www.radioradicale.it\/scheda\/596626\/il-giudice-della-corte-costituzionale-nicolo-zanon-incontra-le-studentesse-e-gli\">Nicol\u00f2 Zanon<\/a><\/strong> \u00e8 Giudice della Corte costituzionale e Professore Ordinario di Diritto Costituzionale presso l&#8217;Universit\u00e0 degli Studi di Milano. Nato a Torino nel 1961, \u00e8 laureato in Giurisprudenza con una tesi in Diritto Pubblico Comparato (Universit\u00e0 di Torino) e ha conseguito il titolo di Dottore di Ricerca in Diritto Comparato (Universit\u00e0 di Firenze). \u00c8 stato ricercatore presso la Facolt\u00e0 di Scienze Politiche dell&#8217;Universit\u00e0 di Torino (1991-1996) e, in seguito, Professore a contratto di Istituzioni di Diritto Pubblico presso l&#8217;Universit\u00e0 Bocconi di Milano. Dal 1996 al 1997 \u00e8 Assistente di Studio del Giudice Costituzionale Valerio Onida, presso la Corte Costituzionale, e, nel 1998, riceve la nomina a componente del &#8220;Gruppo di lavoro per la Riforma dello Statuto regionale&#8221;. Prosegue la sua carriera in ambito accademico con gli incarichi di Professore Associato presso l&#8217;Universit\u00e0 di Padova, Professore Associato presso l&#8217;Universit\u00e0 di Milano-Bicocca e infine Straordinario e Ordinario presso l&#8217;Universit\u00e0 degli Studi di Milano. Tra il 2000 e il 2010 \u00e8, inoltre, Membro del Comitato Legislativo della Regione Lombardia. La carriera istituzionale conduce <strong>Nicol\u00f2 Zanon<\/strong> alla nomina a Membro del Consiglio di Presidenza della Giustizia Amministrativa, ricevuta dal Senato della Repubblica nel 2009. L&#8217;anno seguente \u00e8 eletto Componente laico del Consiglio Superiore della Magistratura, da parte del Parlamento in seduta comune, e ricopre tale mandato fino al 2014, anno in cui \u00e8 nominato Giudice della Corte Costituzionale dal Presidente della Repubblica Giorgio Napolitano. Nel 2017 \u00e8 stato insignito del titolo di Cavaliere di gran croce dell&#8217;Ordine al merito della Repubblica italiana.<\/p>\n","protected":false},"excerpt":{"rendered":"<p>Si \u00e8 tenuto il 31 gennaio l&#8217;incontro del Giudice della Corte Costituzionale Nicol\u00f2 Zanon con gli studenti del Brera-Lagrange, Istituto milanese di Istruzione Superiore. L&#8217;evento \u00e8 parte di Viaggio in Italia &#8211; La Corte Costituzionale nelle scuole, un progetto finalizzato a diffondere i valori e la cultura costituzionale. Al dibattito hanno partecipato anche il Dirigente [&hellip;]<\/p>\n","protected":false},"author":5434,"featured_media":0,"comment_status":"open","ping_status":"open","sticky":false,"template":"","format":"standard","meta":{"footnotes":""},"categories":[5,29],"tags":[19158,21607],"class_list":["post-49927","post","type-post","status-publish","format-standard","hentry","category-aziendali","category-comunicati","tag-corte-costituzionale","tag-nicolo-zanon"],"_links":{"self":[{"href":"https:\/\/www.area-press.eu\/comunicatistampa\/wp-json\/wp\/v2\/posts\/49927","targetHints":{"allow":["GET"]}}],"collection":[{"href":"https:\/\/www.area-press.eu\/comunicatistampa\/wp-json\/wp\/v2\/posts"}],"about":[{"href":"https:\/\/www.area-press.eu\/comunicatistampa\/wp-json\/wp\/v2\/types\/post"}],"author":[{"embeddable":true,"href":"https:\/\/www.area-press.eu\/comunicatistampa\/wp-json\/wp\/v2\/users\/5434"}],"replies":[{"embeddable":true,"href":"https:\/\/www.area-press.eu\/comunicatistampa\/wp-json\/wp\/v2\/comments?post=49927"}],"version-history":[{"count":1,"href":"https:\/\/www.area-press.eu\/comunicatistampa\/wp-json\/wp\/v2\/posts\/49927\/revisions"}],"predecessor-version":[{"id":49928,"href":"https:\/\/www.area-press.eu\/comunicatistampa\/wp-json\/wp\/v2\/posts\/49927\/revisions\/49928"}],"wp:attachment":[{"href":"https:\/\/www.area-press.eu\/comunicatistampa\/wp-json\/wp\/v2\/media?parent=49927"}],"wp:term":[{"taxonomy":"category","embeddable":true,"href":"https:\/\/www.area-press.eu\/comunicatistampa\/wp-json\/wp\/v2\/categories?post=49927"},{"taxonomy":"post_tag","embeddable":true,"href":"https:\/\/www.area-press.eu\/comunicatistampa\/wp-json\/wp\/v2\/tags?post=49927"}],"curies":[{"name":"wp","href":"https:\/\/api.w.org\/{rel}","templated":true}]}}