{"id":49896,"date":"2020-05-12T00:04:26","date_gmt":"2020-05-11T22:04:26","guid":{"rendered":"https:\/\/www.area-press.eu\/comunicatistampa\/?p=49896"},"modified":"2020-05-12T00:04:26","modified_gmt":"2020-05-11T22:04:26","slug":"cdp-lancia-i-covid-19-social-response-bond-fabrizio-palermo-supporto-a-imprese-e-pa","status":"publish","type":"post","link":"https:\/\/www.area-press.eu\/comunicatistampa\/2020\/05\/12\/cdp-lancia-i-covid-19-social-response-bond-fabrizio-palermo-supporto-a-imprese-e-pa\/","title":{"rendered":"CDP lancia i Covid-19 Social Response Bond, Fabrizio Palermo: \u201cSupporto a imprese e PA\u201d"},"content":{"rendered":"<p><em><strong>Il 15 aprile <a title=\"Fabrizio Palermo, strategia cdp contro coronavirus\" href=\"https:\/\/www.adnkronos.com\/soldi\/economia\/2020\/04\/16\/CDP-palermo-con-lancio-social-bond-confermiamo-vicinanza-paese_rb3nPx7MkNuDTD5p3pcNeN.html\">Fabrizio Palermo<\/a>, Direttore Generale e AD di Cassa Depositi e Prestiti, ha comunicato l&#8217;avvio ufficiale di un ulteriore tassello della strategia intrapresa dalla societ\u00e0 contro il Coronavirus.<\/strong><\/em><\/p>\n<p><a title=\"Fabrizio Palermo, cdp vicina al paese\" href=\"https:\/\/www.adnkronos.com\/soldi\/economia\/2020\/04\/16\/CDP-palermo-con-lancio-social-bond-confermiamo-vicinanza-paese_rb3nPx7MkNuDTD5p3pcNe\"><img loading=\"lazy\" decoding=\"async\" src=\"https:\/\/www.adnkronos.com\/rf\/image_size_400x300\/Pub\/AdnKronos\/Assets\/Immagini\/Redazionale\/C\/Fabrizio_Palermo_CDP_us.jpg\" alt=\"Fabrizio Palermo\" width=\"139\" height=\"93\" \/><\/a><\/p>\n<h2>Fabrizio Palermo: &#8220;CDP vicina al Paese&#8221;<\/h2>\n<p>Ancora una volta CDP si riconferma uno degli attori principali dell&#8217;economia italiana: grazie all&#8217;emissione dei nuovi &#8220;Covid-19 Social Response Bond&#8221; la societ\u00e0 guidata da <strong>Fabrizio Palermo<\/strong> potr\u00e0 infatti garantire ulteriori investimenti per contenere la crisi economica del Paese causata dalla pandemia. Con un formato dual tranche a 3 e 7 anni dedicato ad investitori istituzionali, l&#8217;emissione ha comportato infatti una raccolta sul mercato di 1 miliardo di euro. Un risultato oltre le pi\u00f9 rosee aspettative, grazie alla partecipazione di 130 investitori, met\u00e0 dei quali esteri. La cifra rappresenta un notevole incremento delle risorse gi\u00e0 messe in campo da CDP per affrontare l&#8217;emergenza. Beneficiari di questa operazione, attraverso il finanziamento di soluzioni sia a breve che a medio-lungo termine, saranno le imprese e le Pubbliche Amministrazioni pi\u00f9 colpite dagli effetti di Covid-19. I fondi raccolti, ha specificato <strong>Fabrizio Palermo<\/strong>, saranno utilizzati anche per favorire l&#8217;accesso al credito delle PMI e, infine, per potenziare i sistemi sanitari locali.<\/p>\n<h2>Manager italiani: la carriera di Fabrizio Palermo<\/h2>\n<p>Nato a Perugia nel 1971, <strong><a title=\"Fabrizio Palermo, intervento cdp emergenza coronavirus\" href=\"https:\/\/www.adnkronos.com\/soldi\/economia\/2020\/04\/16\/CDP-palermo-con-lancio-social-bond-confermiamo-vicinanza-paese_rb3nPx7MkNuDTD5p3pcNeN.html\">Fabrizio Palermo<\/a><\/strong> \u00e8 attualmente sia Amministratore Delegato che Direttore Generale di Cassa Depositi e Prestiti, societ\u00e0 partecipata in larga misura dal Ministero dell&#8217;Economia e delle Finanze con funzioni simili a quelle di una banca di stato. Fin dal principio della sua carriera, vanta esperienze in realt\u00e0 finanziarie di alto calibro. Dopo essersi laureato in Economia e Commercio presso l&#8217;Universit\u00e0 La Sapienza di Roma, nel 1995 entra infatti nella Divisione Investment Banking della sede londinese di Morgan Stanley, dove resta per tre anni, occupandosi principalmente di operazioni di collocamento azionario e obbligazionario, oltre che di acquisizioni, fusioni e di creazione di joint ventures. Il percorso prosegue nella multinazionale di consulenza strategica McKinsey &amp; Company, grazie alla quale si specializza in risanamento, trasformazione e rilancio di grandi gruppi industriali e finanziari. La svolta nel 2006, quando diventa CFO di Fincantieri, assumendo in seguito anche la carica di Direttore Generale. Il 2014 per <strong>Fabrizio Palermo<\/strong> \u00e8 l&#8217;anno dell&#8217;arrivo in CDP, dove per 4 anni ricoprir\u00e0 l&#8217;incarico di Direttore Finanziario.<\/p>\n","protected":false},"excerpt":{"rendered":"<p>Il 15 aprile Fabrizio Palermo, Direttore Generale e AD di Cassa Depositi e Prestiti, ha comunicato l&#8217;avvio ufficiale di un ulteriore tassello della strategia intrapresa dalla societ\u00e0 contro il Coronavirus. Fabrizio Palermo: &#8220;CDP vicina al Paese&#8221; Ancora una volta CDP si riconferma uno degli attori principali dell&#8217;economia italiana: grazie all&#8217;emissione dei nuovi &#8220;Covid-19 Social Response [&hellip;]<\/p>\n","protected":false},"author":5985,"featured_media":0,"comment_status":"open","ping_status":"open","sticky":false,"template":"","format":"standard","meta":{"footnotes":""},"categories":[5,29],"tags":[25026,25027],"class_list":["post-49896","post","type-post","status-publish","format-standard","hentry","category-aziendali","category-comunicati","tag-cassa-depositi-e-prestiti","tag-fabrizio-palermo"],"_links":{"self":[{"href":"https:\/\/www.area-press.eu\/comunicatistampa\/wp-json\/wp\/v2\/posts\/49896","targetHints":{"allow":["GET"]}}],"collection":[{"href":"https:\/\/www.area-press.eu\/comunicatistampa\/wp-json\/wp\/v2\/posts"}],"about":[{"href":"https:\/\/www.area-press.eu\/comunicatistampa\/wp-json\/wp\/v2\/types\/post"}],"author":[{"embeddable":true,"href":"https:\/\/www.area-press.eu\/comunicatistampa\/wp-json\/wp\/v2\/users\/5985"}],"replies":[{"embeddable":true,"href":"https:\/\/www.area-press.eu\/comunicatistampa\/wp-json\/wp\/v2\/comments?post=49896"}],"version-history":[{"count":1,"href":"https:\/\/www.area-press.eu\/comunicatistampa\/wp-json\/wp\/v2\/posts\/49896\/revisions"}],"predecessor-version":[{"id":49897,"href":"https:\/\/www.area-press.eu\/comunicatistampa\/wp-json\/wp\/v2\/posts\/49896\/revisions\/49897"}],"wp:attachment":[{"href":"https:\/\/www.area-press.eu\/comunicatistampa\/wp-json\/wp\/v2\/media?parent=49896"}],"wp:term":[{"taxonomy":"category","embeddable":true,"href":"https:\/\/www.area-press.eu\/comunicatistampa\/wp-json\/wp\/v2\/categories?post=49896"},{"taxonomy":"post_tag","embeddable":true,"href":"https:\/\/www.area-press.eu\/comunicatistampa\/wp-json\/wp\/v2\/tags?post=49896"}],"curies":[{"name":"wp","href":"https:\/\/api.w.org\/{rel}","templated":true}]}}