{"id":49869,"date":"2020-05-12T00:04:24","date_gmt":"2020-05-11T22:04:24","guid":{"rendered":"https:\/\/www.area-press.eu\/comunicatistampa\/?p=49869"},"modified":"2020-05-12T00:04:24","modified_gmt":"2020-05-11T22:04:24","slug":"donne-e-lockdown-il-dramma-fantasma-della-violenza-domestica","status":"publish","type":"post","link":"https:\/\/www.area-press.eu\/comunicatistampa\/2020\/05\/12\/donne-e-lockdown-il-dramma-fantasma-della-violenza-domestica\/","title":{"rendered":"Donne e lockdown: il dramma \u201cfantasma\u201d della violenza domestica"},"content":{"rendered":"<p>Il lockdown delle ultime settimane imposto dall\u2019emergenza sanitaria non ha avuto solo ripercussioni economiche e sociali. L\u2019obbligo di restare in casa e le limitazioni agli spostamenti, infatti, non hanno mai fermato un fenomeno che, di contro, ha continuato a mietere vittime nel silenzio pi\u00f9 assordante: quello della violenza sulle donne. In tutto questo periodo di isolamento migliaia di donne hanno continuato a subire violenze di ogni tipo all\u2019interno delle proprie abitazioni, coabitando con il proprio aguzzino e senza la possibilit\u00e0 di accedere a un centro antiviolenza o di difendersi, magari con uno <strong><u><a href=\"https:\/\/www.sprayantiaggressione.it\/\">spray antiaggressione<\/a>.<\/u><\/strong><\/p>\n<p>Nonostante fosse rimasto attivo il numero verde antiviolenza 1522 e le App per chiedere aiuto non abbiano mai smesso di funzionare, in realt\u00e0 le possibilit\u00e0 di ricevere soccorso sono state molto ridotte. Insomma, la casa concepita come luogo di protezione si \u00e8 trasformata in un carcere in cui tantissime donne hanno continuato a subire maltrattamenti e violenze dai rispettivi partner.<\/p>\n<p>A dimostrazione di quanto affermato ci sono gli studi: secondo quello condotto da UNFPA \u2013 l\u2019Agenzia delle Nazioni Unite che si occupa di fare indagini sulle popolazioni &#8211; quest\u2019anno potrebbero essere 15 milioni in pi\u00f9 i casi di violenza domestica, con la percentuale di femminicidi salita al 20% nei primi tre mesi di confinamento in tutti i 193 Stati membri delle Nazioni Unite. Numeri che raddoppierebbero nel caso in cui l\u2019isolamento dovesse durare 6 mesi.<\/p>\n<p>Violenza fisiche, sessuali, psicologiche non conoscono purtroppo il Covid-19 e le donne sono sempre pi\u00f9 costrette a combattere da sole una battaglia dura e in grado di lasciare ferite profonde. Il ricorso a tecniche di difesa personale o a uno strumento efficace come lo <a href=\"https:\/\/www.sprayantiaggressione.it\/spray-peperoncino-la-difesa-per-lei\"><strong><u>spray al peperoncino<\/u><\/strong><\/a> da solo non basta, perch\u00e9 servono misure urgenti da parte delle istituzioni affinch\u00e9 il dramma della violenza femminile all\u2019interno delle proprie mura non diventi un\u2019emergenza nell\u2019emergenza.<\/p>\n","protected":false},"excerpt":{"rendered":"<p>Il lockdown delle ultime settimane imposto dall\u2019emergenza sanitaria non ha avuto solo ripercussioni economiche e sociali. L\u2019obbligo di restare in casa e le limitazioni agli spostamenti, infatti, non hanno mai fermato un fenomeno che, di contro, ha continuato a mietere vittime nel silenzio pi\u00f9 assordante: quello della violenza sulle donne. In tutto questo periodo di [&hellip;]<\/p>\n","protected":false},"author":5108,"featured_media":0,"comment_status":"open","ping_status":"open","sticky":false,"template":"","format":"standard","meta":{"footnotes":""},"categories":[4],"tags":[20777,20046,20778],"class_list":["post-49869","post","type-post","status-publish","format-standard","hentry","category-attualita-e-societa","tag-spray-antiaggressione","tag-spray-peperoncino","tag-spray-urticante"],"_links":{"self":[{"href":"https:\/\/www.area-press.eu\/comunicatistampa\/wp-json\/wp\/v2\/posts\/49869","targetHints":{"allow":["GET"]}}],"collection":[{"href":"https:\/\/www.area-press.eu\/comunicatistampa\/wp-json\/wp\/v2\/posts"}],"about":[{"href":"https:\/\/www.area-press.eu\/comunicatistampa\/wp-json\/wp\/v2\/types\/post"}],"author":[{"embeddable":true,"href":"https:\/\/www.area-press.eu\/comunicatistampa\/wp-json\/wp\/v2\/users\/5108"}],"replies":[{"embeddable":true,"href":"https:\/\/www.area-press.eu\/comunicatistampa\/wp-json\/wp\/v2\/comments?post=49869"}],"version-history":[{"count":1,"href":"https:\/\/www.area-press.eu\/comunicatistampa\/wp-json\/wp\/v2\/posts\/49869\/revisions"}],"predecessor-version":[{"id":49870,"href":"https:\/\/www.area-press.eu\/comunicatistampa\/wp-json\/wp\/v2\/posts\/49869\/revisions\/49870"}],"wp:attachment":[{"href":"https:\/\/www.area-press.eu\/comunicatistampa\/wp-json\/wp\/v2\/media?parent=49869"}],"wp:term":[{"taxonomy":"category","embeddable":true,"href":"https:\/\/www.area-press.eu\/comunicatistampa\/wp-json\/wp\/v2\/categories?post=49869"},{"taxonomy":"post_tag","embeddable":true,"href":"https:\/\/www.area-press.eu\/comunicatistampa\/wp-json\/wp\/v2\/tags?post=49869"}],"curies":[{"name":"wp","href":"https:\/\/api.w.org\/{rel}","templated":true}]}}