{"id":49490,"date":"2020-04-24T18:08:34","date_gmt":"2020-04-24T16:08:34","guid":{"rendered":"https:\/\/www.area-press.eu\/comunicatistampa\/?p=49490"},"modified":"2020-04-24T18:08:34","modified_gmt":"2020-04-24T16:08:34","slug":"coronavirus-il-punto-dello-studio-legale-di-andrea-mascetti-sulle-misure-di-contenimento","status":"publish","type":"post","link":"https:\/\/www.area-press.eu\/comunicatistampa\/2020\/04\/24\/coronavirus-il-punto-dello-studio-legale-di-andrea-mascetti-sulle-misure-di-contenimento\/","title":{"rendered":"Coronavirus, il punto dello Studio Legale di Andrea Mascetti sulle misure di contenimento"},"content":{"rendered":"<p><em><strong>Ad opera dell&#8217;avvocato Aurora Elena Passerini (Studio Legale di <a title=\"Andrea Mascetti, italgas\" href=\"https:\/\/www.italgas.it\/it\/biografia\/Andrea-Mascetti\/\">Andrea Mascetti<\/a>), l&#8217;approfondimento pubblicato sul sito ufficiale dello Studio prende in analisi le recenti misure di contenimento, approvate in Italia per fronteggiare la diffusione del Coronavirus, e le relative sanzioni penali previste.<\/strong><\/em><\/p>\n<p><a title=\"Andrea Mascetti: biografia\" href=\"https:\/\/www.italgas.it\/it\/biografia\/Andrea-Mascetti\/\"><img loading=\"lazy\" decoding=\"async\" src=\"https:\/\/0.academia-photos.com\/94975705\/20783375\/20338880\/s200_andrea.mascetti.png\" alt=\"Andrea Mascetti\" width=\"120\" height=\"120\" \/><\/a><\/p>\n<h2>Coronavirus, l&#8217;analisi dello Studio Legale di Andrea Mascetti sulle misure di contenimento<\/h2>\n<p>Il focus pubblicato dallo Studio Legale guidato da <strong>Andrea Mascetti<\/strong> \u00e8 parte di una serie di analisi intitolate &#8220;Speciale Coronavirus&#8221;, fornite dai professionisti dello Studio su questa tematica di stretta attualit\u00e0. Nello specifico, l&#8217;approfondimento dell&#8217;avvocato Aurora Elena Passerini \u00e8 incentrato sulle condotte, penalmente rilevanti, in violazione alle misure di contenimento emanate in Italia per fronteggiare tale emergenza. Come sostenuto nell&#8217;analisi, gi\u00e0 l&#8217;art. 3 comma 4 del Decreto Legge n. 6 del 23\/02\/2020 (&#8220;Misure urgenti in materia di contenimento e gestione dell&#8217;emergenza epidemiologica da COVID-19&#8221;) aveva stabilito che le violazioni <em>&#8220;fossero sanzionate ai sensi dell&#8217;art. 650 c.p. &#8211; salvo costituenti pi\u00f9 grave reato&#8221;<\/em>. Anche in seguito all&#8217;emanazione della successiva legislazione d&#8217;urgenza, come confermato dall&#8217;analisi dello Studio Legale di <strong>Andrea Mascetti<\/strong>, tale decreto continua a mantenere la propria validit\u00e0 in merito alla parte sanzionatoria, prevedendo sanzioni per gli <em>&#8220;spostamenti non motivati da comprovate esigenze lavorative o motivi di salute o situazioni di necessit\u00e0&#8221;<\/em>, compiuti dai cittadini nei propri Comuni di residenza e all&#8217;esterno di essi. Ulteriori condotte penalmente rilevanti sono costituite dalla violazione del <em>&#8220;divieto di spostamento assoluto dalla propria abitazione per chi \u00e8 sottoposto alla misura della quarantena e\/o \u00e8 risultato positivo al virus COVID-19&#8221;<\/em>, e dalla violazione della <em>&#8220;chiusura delle attivit\u00e0 commerciali ad eccezione, tra gli altri, di: ipermercati, supermercati, farmacie e parafarmacie, distributori di carburante, lavanderie (allegati 1-2 del DPCM 11.03.2020)&#8221;<\/em>. Come sottolineato dall&#8217;avvocato Aurora Elena Passerini, dette violazioni sono punite ai sensi dell&#8217;art. 650 c.p. <em>&#8220;con l&#8217;arresto fino a tre mesi ed una ammenda fino a 206 euro, salvo che il fatto non costituisca pi\u00f9 grave reato sino a qualificare l&#8217;ipotesi di epidemia colposa di cui all&#8217;art. 452 c.p.&#8221;<\/em>.<\/p>\n<h2>Andrea Mascetti, focus su percorso professionale e attivit\u00e0<\/h2>\n<p>Classe 1971, <strong><a title=\"Andrea Mascetti, profilo italgas\" href=\"https:\/\/www.italgas.it\/it\/biografia\/Andrea-Mascetti\/\">Andrea Mascetti<\/a><\/strong> \u00e8 un professionista del settore legale. Laureato in Giurisprudenza presso l&#8217;Universit\u00e0 degli Studi di Milano (1996), \u00e8 iscritto all&#8217;Ordine degli Avvocati di Milano. La sua carriera in campo giuridico inizia presso lo Studio Legale Tributario associato a Ernst &amp; Young a Milano, dove svolge attivit\u00e0 di avvocato fino al 2003. L&#8217;anno seguente, dopo aver sviluppato competenze specifiche in materia di diritto societario e amministrativo, avvia lo Studio Legale Mascetti. Membro e Presidente di diversi Organismi di vigilanza, Consigli di Amministrazione di banche e societ\u00e0 commerciali sia italiane che estere, attualmente fornisce attivit\u00e0 consulenziali nei confronti di societ\u00e0, enti locali e aziende pubbliche. <strong>Andrea Mascetti<\/strong> si occupa, inoltre, di web reputation e diritto dell&#8217;arte da diversi anni. Da giugno 2019 \u00e8 Coordinatore della Commissione Arte e Cultura di Fondazione Cariplo per la promozione di progetti di utilit\u00e0 sociale. Bibliofilo e appassionato di storia, \u00e8 animatore di molte iniziative culturali.<\/p>\n","protected":false},"excerpt":{"rendered":"<p>Ad opera dell&#8217;avvocato Aurora Elena Passerini (Studio Legale di Andrea Mascetti), l&#8217;approfondimento pubblicato sul sito ufficiale dello Studio prende in analisi le recenti misure di contenimento, approvate in Italia per fronteggiare la diffusione del Coronavirus, e le relative sanzioni penali previste. Coronavirus, l&#8217;analisi dello Studio Legale di Andrea Mascetti sulle misure di contenimento Il focus [&hellip;]<\/p>\n","protected":false},"author":40,"featured_media":0,"comment_status":"open","ping_status":"open","sticky":false,"template":"","format":"standard","meta":{"footnotes":""},"categories":[29],"tags":[22151],"class_list":["post-49490","post","type-post","status-publish","format-standard","hentry","category-comunicati","tag-andrea-mascetti"],"_links":{"self":[{"href":"https:\/\/www.area-press.eu\/comunicatistampa\/wp-json\/wp\/v2\/posts\/49490","targetHints":{"allow":["GET"]}}],"collection":[{"href":"https:\/\/www.area-press.eu\/comunicatistampa\/wp-json\/wp\/v2\/posts"}],"about":[{"href":"https:\/\/www.area-press.eu\/comunicatistampa\/wp-json\/wp\/v2\/types\/post"}],"author":[{"embeddable":true,"href":"https:\/\/www.area-press.eu\/comunicatistampa\/wp-json\/wp\/v2\/users\/40"}],"replies":[{"embeddable":true,"href":"https:\/\/www.area-press.eu\/comunicatistampa\/wp-json\/wp\/v2\/comments?post=49490"}],"version-history":[{"count":1,"href":"https:\/\/www.area-press.eu\/comunicatistampa\/wp-json\/wp\/v2\/posts\/49490\/revisions"}],"predecessor-version":[{"id":49500,"href":"https:\/\/www.area-press.eu\/comunicatistampa\/wp-json\/wp\/v2\/posts\/49490\/revisions\/49500"}],"wp:attachment":[{"href":"https:\/\/www.area-press.eu\/comunicatistampa\/wp-json\/wp\/v2\/media?parent=49490"}],"wp:term":[{"taxonomy":"category","embeddable":true,"href":"https:\/\/www.area-press.eu\/comunicatistampa\/wp-json\/wp\/v2\/categories?post=49490"},{"taxonomy":"post_tag","embeddable":true,"href":"https:\/\/www.area-press.eu\/comunicatistampa\/wp-json\/wp\/v2\/tags?post=49490"}],"curies":[{"name":"wp","href":"https:\/\/api.w.org\/{rel}","templated":true}]}}