{"id":49475,"date":"2020-04-24T06:16:20","date_gmt":"2020-04-24T04:16:20","guid":{"rendered":"https:\/\/www.area-press.eu\/comunicatistampa\/?p=49475"},"modified":"2020-04-24T06:16:20","modified_gmt":"2020-04-24T04:16:20","slug":"speciale-coronavirus-il-focus-dello-studio-legale-di-andrea-mascetti-sul-decreto-cura-italia","status":"publish","type":"post","link":"https:\/\/www.area-press.eu\/comunicatistampa\/2020\/04\/24\/speciale-coronavirus-il-focus-dello-studio-legale-di-andrea-mascetti-sul-decreto-cura-italia\/","title":{"rendered":"Speciale Coronavirus, il focus dello Studio Legale di Andrea Mascetti sul decreto Cura Italia"},"content":{"rendered":"<p><em><strong>L&#8217;analisi fornita dallo Studio Mascetti \u00e8 la prima di una serie di approfondimenti legali incentrati sulla recente<\/strong> <strong>approvazione del Decreto Legge n.18\/2020, cosiddetto Cura Italia. <a title=\"Andrea Mascetti, sito studio legale\" href=\"https:\/\/www.studiomascetti.net\/\">Lo Studio guidato da Andrea Mascetti<\/a> ha fornito una<\/strong> <strong>panoramica delle principali novit\u00e0 introdotte dal decreto recentemente emanato per contenere l&#8217;emergenza Coronavirus.<\/strong><\/em><\/p>\n<p><a title=\"Andrea Mascetti: il sito dello studio legale\" href=\"https:\/\/www.studiomascetti.net\/\"><img loading=\"lazy\" decoding=\"async\" src=\"https:\/\/www.studiomascetti.net\/wp-content\/uploads\/mascetti-1040x647.jpg\" alt=\"Andrea Mascetti\" width=\"130\" height=\"81\" \/><\/a><\/p>\n<h2>Il focus dello Studio Legale di Andrea Mascetti sul decreto Cura Italia<\/h2>\n<p>Pubblicato sulla Gazzetta Ufficiale n. 70 del 17 marzo 2020, il Decreto Legge n. 18 del 17 marzo 2020 contiene nuove misure finalizzate a fronteggiare l&#8217;emergenza epidemiologica provocata dal Coronavirus. L&#8217;Avvocato Nicol\u00f2 F. Boscarini dello Studio Legale Mascetti si \u00e8 occupato di spiegarne i contenuti, relativamente alle disposizioni in materia di giustizia amministrativa e contabile, sospensione dei procedimenti amministrativi e proroga dei titoli abilitativi. Pubblicato sul sito dello Studio Legale guidato da <strong>Andrea Mascetti<\/strong>, l&#8217;approfondimento \u00e8 il primo di una serie di analisi intitolate &#8220;Speciale Coronavirus&#8221; e incentrate sugli effetti del decreto Cura Italia. Come emerge dall&#8217;analisi fornita dall&#8217;Avvocato Boscarini, l&#8217;art. 84 del decreto supera e abroga il precedente art. 3 del D.L. 11\/2020, contenendo le misure <em>&#8220;riguardanti i processi dinanzi ai Tribunali Amministrativi Regionali, al Consiglio di Stato e al Consiglio di Giustizia Amministrativa della Regione Siciliana&#8221;<\/em>. La materia della giustizia contabile, invece, \u00e8 prevista nell&#8217;art. 85, <em>&#8220;dedicato alla Corte dei Conti nelle sue molteplici articolazioni territoriali (centrale e regionale) e funzioni istituzionali (giudicante, requirente, consultiva, di controllo)&#8221;<\/em>. Il focus dello Studio di <strong>Andrea Mascetti<\/strong> si \u00e8 concentrato, infine, sulle novit\u00e0 riguardanti i procedimenti amministrativi e l&#8217;efficacia dei titoli abilitativi: in merito a ci\u00f2, l&#8217;art. 103 <em>&#8220;sospende, in via generalizzata, i termini dei procedimenti amministrativi (comma 1) e contestualmente dispone la proroga dell&#8217;efficacia di certificati ed atti abilitativi comunque denominati (comma 2)&#8221;<\/em>. Come illustrato nell&#8217;analisi, le misure sono intraprese <em>&#8220;coerentemente con la sospensione dei termini processuali e nell&#8217;ottica di ridurre quanto pi\u00f9 possibile l&#8217;afflusso di persone negli uffici pubblici&#8221;<\/em>.<\/p>\n<h2>Andrea Mascetti, professionista del settore legale e fondatore dello Studio Mascetti<\/h2>\n<p><strong><a title=\"Andrea Mascetti: sito ufficiale studio legale\" href=\"https:\/\/www.studiomascetti.net\/\">Andrea Mascetti<\/a><\/strong> \u00e8 laureato in Giurisprudenza presso l&#8217;Universit\u00e0 degli Studi di Milano (1996) e iscritto all&#8217;Ordine degli Avvocati di Milano. Nato nel 1971, intraprende la sua prima esperienza nel settore legale in SALT (Studio Associato Legale Tributario) associato a Ernst&amp;Young. Nel 2004 avvia un&#8217;attivit\u00e0 propria, lo Studio Legale Mascetti, presso cui si occupa soprattutto di diritto societario e amministrativo. Oltre a essere componente e Presidente di diversi Organismi di vigilanza e Consigli di Amministrazione di banche e societ\u00e0 commerciali, svolge attivit\u00e0 di consulenza per societ\u00e0, enti locali e aziende pubbliche. Nel 2019 \u00e8 stato nominato Coordinatore della Commissione Arte e Cultura di Fondazione Cariplo, dove \u00e8 attivo nella promozione di progetti di utilit\u00e0 sociale. Insieme alle competenze nel settore legale, da diversi anni <strong>Andrea Mascetti<\/strong> si occupa di <em>web reputation<\/em> e diritto dell&#8217;arte. Appassionato bibliofilo, \u00e8 animatore di molte iniziative culturali.<\/p>\n","protected":false},"excerpt":{"rendered":"<p>L&#8217;analisi fornita dallo Studio Mascetti \u00e8 la prima di una serie di approfondimenti legali incentrati sulla recente approvazione del Decreto Legge n.18\/2020, cosiddetto Cura Italia. Lo Studio guidato da Andrea Mascetti ha fornito una panoramica delle principali novit\u00e0 introdotte dal decreto recentemente emanato per contenere l&#8217;emergenza Coronavirus. Il focus dello Studio Legale di Andrea Mascetti [&hellip;]<\/p>\n","protected":false},"author":40,"featured_media":0,"comment_status":"open","ping_status":"open","sticky":false,"template":"","format":"standard","meta":{"footnotes":""},"categories":[29],"tags":[22151],"class_list":["post-49475","post","type-post","status-publish","format-standard","hentry","category-comunicati","tag-andrea-mascetti"],"_links":{"self":[{"href":"https:\/\/www.area-press.eu\/comunicatistampa\/wp-json\/wp\/v2\/posts\/49475","targetHints":{"allow":["GET"]}}],"collection":[{"href":"https:\/\/www.area-press.eu\/comunicatistampa\/wp-json\/wp\/v2\/posts"}],"about":[{"href":"https:\/\/www.area-press.eu\/comunicatistampa\/wp-json\/wp\/v2\/types\/post"}],"author":[{"embeddable":true,"href":"https:\/\/www.area-press.eu\/comunicatistampa\/wp-json\/wp\/v2\/users\/40"}],"replies":[{"embeddable":true,"href":"https:\/\/www.area-press.eu\/comunicatistampa\/wp-json\/wp\/v2\/comments?post=49475"}],"version-history":[{"count":1,"href":"https:\/\/www.area-press.eu\/comunicatistampa\/wp-json\/wp\/v2\/posts\/49475\/revisions"}],"predecessor-version":[{"id":49476,"href":"https:\/\/www.area-press.eu\/comunicatistampa\/wp-json\/wp\/v2\/posts\/49475\/revisions\/49476"}],"wp:attachment":[{"href":"https:\/\/www.area-press.eu\/comunicatistampa\/wp-json\/wp\/v2\/media?parent=49475"}],"wp:term":[{"taxonomy":"category","embeddable":true,"href":"https:\/\/www.area-press.eu\/comunicatistampa\/wp-json\/wp\/v2\/categories?post=49475"},{"taxonomy":"post_tag","embeddable":true,"href":"https:\/\/www.area-press.eu\/comunicatistampa\/wp-json\/wp\/v2\/tags?post=49475"}],"curies":[{"name":"wp","href":"https:\/\/api.w.org\/{rel}","templated":true}]}}