{"id":49469,"date":"2020-04-24T06:16:20","date_gmt":"2020-04-24T04:16:20","guid":{"rendered":"https:\/\/www.area-press.eu\/comunicatistampa\/?p=49469"},"modified":"2020-04-24T06:16:20","modified_gmt":"2020-04-24T04:16:20","slug":"ripartenza-post-covid-19-la-tua-pianificazione-aziendale-con-i-database-statistici-geografici","status":"publish","type":"post","link":"https:\/\/www.area-press.eu\/comunicatistampa\/2020\/04\/24\/ripartenza-post-covid-19-la-tua-pianificazione-aziendale-con-i-database-statistici-geografici\/","title":{"rendered":"Ripartenza post Covid-19, la tua pianificazione aziendale con i database statistici geografici"},"content":{"rendered":"<p><span style=\"font-family: verdana, geneva, sans-serif\">La riapertura dopo l&#8217;emergenza Coronavirus, non c&#8217;\u00e8 alcun dubbio, sar\u00e0 impegnativa per tutte le aziende commerciali. <\/span><\/p>\n<p><span style=\"font-family: verdana, geneva, sans-serif\">Ma rappresenter\u00e0 anche una splendida occasione per riorganizzare le strategie di intervento sul territorio, cos\u00ec da ottimizzare sia l&#8217;operativit\u00e0 che l&#8217;impiego delle risorse. <\/span><\/p>\n<p><span style=\"font-family: verdana, geneva, sans-serif\">Una pianificazione ben strutturata, in tal senso, consente di agire in modo mirato e di raggiungere i migliori obiettivi nel pi\u00f9 breve tempo possibile. <\/span><\/p>\n<p><span style=\"font-family: verdana, geneva, sans-serif\">Affinch\u00e9 possa realmente risultare proficuo, per\u00f2, il nuovo piano commerciale post Covid-19 dovr\u00e0 partire da un\u2019approfondita conoscenza del territorio nel quale verranno proposti i beni\/servizi e messe in atto le opportune procedure distributive. <\/span><\/p>\n<p><span style=\"font-family: verdana, geneva, sans-serif\">La nuova pianificazione non pu\u00f2 limitarsi alla sola elaborazione delle strategie di vendita, ma deve necessariamente coinvolgere anche altri aspetti correlati quali il direct marketing, la logistica e i trasporti. <\/span><\/p>\n<p><span style=\"font-family: verdana, geneva, sans-serif\">I database statistici geografici di Cartografica Visceglia sono stati realizzati proprio per fornire a queste esigenze la risposta pi\u00f9 completa e articolata. <\/span><\/p>\n<p><span style=\"font-family: verdana, geneva, sans-serif\">Indispensabile ausilio per tutte le funzioni aziendali, i database Visceglia mettono a disposizione di ogni realt\u00e0 commerciale un&#8217;ampia variet\u00e0 di riferimenti sul territorio italiano: codici di avviamento postale, distretti sanitari, numero degli abitanti, densit\u00e0 di popolazione per Kmq, distanze dai capoluoghi di provincia, confini amministrativi, toponimi e tanto altro ancora. <\/span><\/p>\n<p><span style=\"font-family: verdana, geneva, sans-serif\">Suddivisi in base all&#8217;estensione territoriale e al posizionamento geografico (Atlante delle Regioni, Elenco dei Comuni d&#8217;Italia, Atlante delle Province, Atlante delle Citt\u00e0, Elenco delle Strade di Roma), questi innovativi prodotti cartografici sono disponibili in CD per un utilizzo rapido, semplice e versatile. <\/span><\/p>\n<p><span style=\"font-family: verdana, geneva, sans-serif\">Rispetto alle tradizionali mappe cartacee, il formato digitale permette di gestire i dati con incomparabile flessibilit\u00e0. <\/span><\/p>\n<p><span style=\"font-family: verdana, geneva, sans-serif\">Le zone di interesse possono essere evidenziate, stampate singolarmente ed elaborate con i software di fotoritocco: ci\u00f2 risulta particolarmente utile, ad esempio, in fase di assegnazione delle zone o quando si effettuano le analisi delle vendite. <\/span><\/p>\n<p><span style=\"font-family: verdana, geneva, sans-serif\">In pi\u00f9, tutti i riferimenti possono essere esportati con un semplice copia e incolla sui pi\u00f9 diffusi fogli di calcolo e database.<\/span><\/p>\n<p><a href=\"https:\/\/www.visceglia.it\/it\/81-data-base-statistici-geografici\"><span style=\"font-family: verdana, geneva, sans-serif\">Ulteriori informazioni &gt;&gt;<\/span><\/a><\/p>\n","protected":false},"excerpt":{"rendered":"<p>Affinch\u00e9 possa realmente risultare proficuo, per\u00f2, il nuovo piano commerciale post Covid-19 dovr\u00e0 partire da un\u2019approfondita conoscenza del territorio nel quale verranno proposti i beni\/servizi e messe in atto le opportune procedure distributive.<\/p>\n","protected":false},"author":2943,"featured_media":0,"comment_status":"open","ping_status":"open","sticky":false,"template":"","format":"standard","meta":{"footnotes":""},"categories":[5],"tags":[25761],"class_list":["post-49469","post","type-post","status-publish","format-standard","hentry","category-aziendali","tag-database-geografico-statistici"],"_links":{"self":[{"href":"https:\/\/www.area-press.eu\/comunicatistampa\/wp-json\/wp\/v2\/posts\/49469","targetHints":{"allow":["GET"]}}],"collection":[{"href":"https:\/\/www.area-press.eu\/comunicatistampa\/wp-json\/wp\/v2\/posts"}],"about":[{"href":"https:\/\/www.area-press.eu\/comunicatistampa\/wp-json\/wp\/v2\/types\/post"}],"author":[{"embeddable":true,"href":"https:\/\/www.area-press.eu\/comunicatistampa\/wp-json\/wp\/v2\/users\/2943"}],"replies":[{"embeddable":true,"href":"https:\/\/www.area-press.eu\/comunicatistampa\/wp-json\/wp\/v2\/comments?post=49469"}],"version-history":[{"count":1,"href":"https:\/\/www.area-press.eu\/comunicatistampa\/wp-json\/wp\/v2\/posts\/49469\/revisions"}],"predecessor-version":[{"id":49470,"href":"https:\/\/www.area-press.eu\/comunicatistampa\/wp-json\/wp\/v2\/posts\/49469\/revisions\/49470"}],"wp:attachment":[{"href":"https:\/\/www.area-press.eu\/comunicatistampa\/wp-json\/wp\/v2\/media?parent=49469"}],"wp:term":[{"taxonomy":"category","embeddable":true,"href":"https:\/\/www.area-press.eu\/comunicatistampa\/wp-json\/wp\/v2\/categories?post=49469"},{"taxonomy":"post_tag","embeddable":true,"href":"https:\/\/www.area-press.eu\/comunicatistampa\/wp-json\/wp\/v2\/tags?post=49469"}],"curies":[{"name":"wp","href":"https:\/\/api.w.org\/{rel}","templated":true}]}}