{"id":493,"date":"2015-07-22T10:24:45","date_gmt":"2015-07-22T08:24:45","guid":{"rendered":"http:\/\/www.area-press.eu\/comunicatistampa\/?p=493"},"modified":"2015-07-22T21:23:38","modified_gmt":"2015-07-22T19:23:38","slug":"rinnovo-del-portale-maber-srl-distributore-ingersoll-rand","status":"publish","type":"post","link":"https:\/\/www.area-press.eu\/comunicatistampa\/2015\/07\/22\/rinnovo-del-portale-maber-srl-distributore-ingersoll-rand\/","title":{"rendered":"Rinnovo del portale Maber srl &#8211; distributore Ingersoll Rand"},"content":{"rendered":"<p>L\u2019azienda <strong>Maber srl a Vignate (MI)<\/strong> presenta il suo nuovo portale.<\/p>\n<p>Maber offre prodotti che comprendono sistemi completi per aria compressa, utensili e pompe per la movimentazione di materiali: \u00e8 distributrice per l\u2019Italia di <a href=\"http:\/\/www.mabertools.it\/\" target=\"_blank\">Ingersoll Rand<\/a>, una realt\u00e0 globale multimiliardaria che da pi\u00f9 di un secolo \u00e8 nota ai clienti per la sua affidabilit\u00e0.<!--more--><\/p>\n<p>Dagli impianti ad aria compressa agli utensili, pompe, sistemi di movimentazione dei materiali e gamma completa di servizi correlati, Maber srl offre la sua vasta preparazione, competenza ed esperienza per fornirvi la soluzione pi\u00f9 idonea a soddisfare le vostre esigenze e potenziare la produttivit\u00e0 e l\u2019operativit\u00e0 della vostra impresa.<\/p>\n<p>Sul suo portale rinnovato, bilingua, italiano-inglese, potrete trovare una panoramica completa dei suoi prodotti per il servizio pesante, corredati di schede tecniche in pdf dettagliate e immagini.<\/p>\n<p>Per qualsiasi domanda potrete contattare l\u2019azienda tramite i recapiti riportati (compresa mappa Google interattiva) e il form. E\u2019 attivo anche il servizio di <a href=\"http:\/\/www.mabertools.it\/it\/prodotti\/paranchi.html\" target=\"_blank\">noleggio paranchi<\/a>: tramite il form dedicato potrete richiedere un intervento mirato di Maber srl che provveder\u00e0 a soddisfare tutte le specifiche della vostra richiesta.<\/p>\n<p>L\u2019interfaccia \u00e8 stata ristrutturata per ottenere una navigazione pi\u00f9 efficace e per guidare l\u2019utente fra le varie sezioni: fra i differenti prodotti che nella descrizione dell\u2019azienda e fra i form di contatto, sia nella sezione italiana che in quella inglese, per il colore sono stati utilizzati come base il bianco e il rosso, i colori istituzionali del logo Maber e di quelli di Ingersoll Rand.<\/p>\n<p>Accedendo alla sezione dei prodotti si potranno scaricare le schede dettagliate dei vari strumenti.<\/p>\n<p>Il form \u00e8 la struttura pi\u00f9 dettagliata del sito: qui troverete tutti i campi per richiedere informazioni sui prodotti che vi interessano oppure per richiedere di noleggiare un paranco che corrisponda alle vostre esigenze. Sarete ricontattati dai nostri responsabili.<\/p>\n","protected":false},"excerpt":{"rendered":"<p>L\u2019azienda Maber srl a Vignate (MI) presenta il suo nuovo portale. Maber offre prodotti che comprendono sistemi completi per aria compressa, utensili e pompe per la movimentazione di materiali: \u00e8 distributrice per l\u2019Italia di Ingersoll Rand, una realt\u00e0 globale multimiliardaria che da pi\u00f9 di un secolo \u00e8 nota ai clienti per la sua affidabilit\u00e0.<\/p>\n","protected":false},"author":51,"featured_media":0,"comment_status":"open","ping_status":"open","sticky":false,"template":"","format":"standard","meta":{"footnotes":""},"categories":[29],"tags":[606,605],"class_list":["post-493","post","type-post","status-publish","format-standard","hentry","category-comunicati","tag-ingersoll-rand","tag-paranchi"],"_links":{"self":[{"href":"https:\/\/www.area-press.eu\/comunicatistampa\/wp-json\/wp\/v2\/posts\/493","targetHints":{"allow":["GET"]}}],"collection":[{"href":"https:\/\/www.area-press.eu\/comunicatistampa\/wp-json\/wp\/v2\/posts"}],"about":[{"href":"https:\/\/www.area-press.eu\/comunicatistampa\/wp-json\/wp\/v2\/types\/post"}],"author":[{"embeddable":true,"href":"https:\/\/www.area-press.eu\/comunicatistampa\/wp-json\/wp\/v2\/users\/51"}],"replies":[{"embeddable":true,"href":"https:\/\/www.area-press.eu\/comunicatistampa\/wp-json\/wp\/v2\/comments?post=493"}],"version-history":[{"count":1,"href":"https:\/\/www.area-press.eu\/comunicatistampa\/wp-json\/wp\/v2\/posts\/493\/revisions"}],"predecessor-version":[{"id":494,"href":"https:\/\/www.area-press.eu\/comunicatistampa\/wp-json\/wp\/v2\/posts\/493\/revisions\/494"}],"wp:attachment":[{"href":"https:\/\/www.area-press.eu\/comunicatistampa\/wp-json\/wp\/v2\/media?parent=493"}],"wp:term":[{"taxonomy":"category","embeddable":true,"href":"https:\/\/www.area-press.eu\/comunicatistampa\/wp-json\/wp\/v2\/categories?post=493"},{"taxonomy":"post_tag","embeddable":true,"href":"https:\/\/www.area-press.eu\/comunicatistampa\/wp-json\/wp\/v2\/tags?post=493"}],"curies":[{"name":"wp","href":"https:\/\/api.w.org\/{rel}","templated":true}]}}