{"id":49210,"date":"2020-04-10T17:46:39","date_gmt":"2020-04-10T15:46:39","guid":{"rendered":"https:\/\/www.area-press.eu\/comunicatistampa\/?p=49210"},"modified":"2020-04-10T17:46:39","modified_gmt":"2020-04-10T15:46:39","slug":"barcella-elettroforniture-risponde-allappello-del-nuovo-presidio-ospedaliero-della-fiera-di-bergamo-con-lacquisto-di-importanti-macchinari-per-la-terapia-intensiva","status":"publish","type":"post","link":"https:\/\/www.area-press.eu\/comunicatistampa\/2020\/04\/10\/barcella-elettroforniture-risponde-allappello-del-nuovo-presidio-ospedaliero-della-fiera-di-bergamo-con-lacquisto-di-importanti-macchinari-per-la-terapia-intensiva\/","title":{"rendered":"Barcella Elettroforniture risponde all\u2019appello del nuovo presidio ospedaliero della Fiera di Bergamo con l\u2019acquisto di importanti macchinari per la terapia intensiva"},"content":{"rendered":"<p style=\"font-weight: 400\"><a href=\"https:\/\/www.barcella.it\/\"><strong>Barcella Elettroforniture<\/strong>,\u00a0<\/a>leader in Italia nel campo della distribuzione di materiale elettrico nei settori industriale, residenziale e terziario, per l\u2019illuminazione e per l\u2019automazione industriale, dona\u00a0<strong>cinquanta mila euro<\/strong>\u00a0al nuovo presidio Ospedaliero della Fiera di Bergamo realizzato dall\u2019Associazione Nazionale Alpini per l\u2019acquisto di\u00a0<strong>apparecchiature per la terapia intensiva<\/strong>.<\/p>\n<p style=\"font-weight: 400\">Barcella Elettroforniture ha permesso l\u2019acquisto di\u00a0<strong>sette<\/strong>\u00a0BeneHeart D6, defibrillatori portatili studiati sia per l\u2019utilizzo pediatrico sia su adulti, che grazie alla connessione Wi-Fi permettono di seguire lo stato di paziente durante i trasferimenti. Un\u2019importante iniziativa che nasce dalla volont\u00e0 di\u00a0<strong>supportare<\/strong>\u00a0il sistema sanitario durante questa emergenza, ma soprattutto un segnale del\u00a0<strong>forte legame dell\u2019azienda con il proprio territorio<\/strong>.<\/p>\n<p style=\"font-weight: 400\"><em>\u00abL\u2019emergenza sanitaria ha in poco tempo stravolto la nostra realt\u00e0<\/em>\u00a0\u2013 afferma\u00a0<strong>Guido Barcella<\/strong>,\u00a0<strong>Amministratore Unico di Barcella Elettroforniture SpA<\/strong>\u00a0&#8211;\u00a0<em>Nella mente di un imprenditore cambiano le certezze, molte le preoccupazioni, molte le responsabilit\u00e0 verso i propri collaboratori e le loro famiglie, e quando \u00e8 la nostra comunit\u00e0, la nostra gente, la nostra Bergamo a chiamarci, il cuore risponde: noi ci siamo. Grande \u00e8 la gratitudine per chi combatte in prima linea, per chi in tempo record ha realizzato un presidio ospedaliero, grande \u00e8 il nostro orgoglio e vogliamo fare ci\u00f2 che serve fare e statene certi: vinciamo noi, #BerghemMolaMia\u00bb.<\/em><\/p>\n<p style=\"font-weight: 400\">Una donazione che risponde alla richiesta del settore sanitario per la carenza di apparecchiature di primo soccorso funzionali alla cura delle complicazioni cliniche che possono insorgere nei pazienti affetti da Coronavirus.<\/p>\n<p style=\"font-weight: 400\"><em>\u00abLe apparecchiature che ci doner\u00e0 Barcella Elettroforniture saranno usate anche dopo l&#8217;emergenza Covid-19\u00a0per monitorare i pazienti pi\u00f9 critici che arrivano al Pronto Soccorso del Papa Giovanni XXIII e che vengono localizzati nella shock room prima di essere trasferiti in rianimazione o nelle sale operatorie\u00bb\u00a0<\/em>sottolinea l\u2019<strong>ing. Maddalena Branchi, Direttore UOC Ingegneria Clinica dell\u2019Ospedale Papa Giovanni XXIII<\/strong>. \u00ab<em>Si tratta di un&#8217;evoluzione del sistema esistente che, grazie alla connessione Wi-Fi dell&#8217;ospedale e a una centrale che verr\u00e0 messa nella shock room ci permetter\u00e0 di seguire lo stato del paziente anche durante il trasferimento, segnalando eventuali problemi che dovessero insorgere nel tragitto. I sistemi donati uniscono in un unico dispositivo un monitor di alte prestazioni che consente di monitorare tutti i parametri vitali e un defibrillatore\u00bb.<\/em><\/p>\n","protected":false},"excerpt":{"rendered":"<p>Barcella Elettroforniture,\u00a0leader in Italia nel campo della distribuzione di materiale elettrico nei settori industriale, residenziale e terziario, per l\u2019illuminazione e per l\u2019automazione industriale, dona\u00a0cinquanta mila euro\u00a0al nuovo presidio Ospedaliero della Fiera di Bergamo realizzato dall\u2019Associazione Nazionale Alpini per l\u2019acquisto di\u00a0apparecchiature per la terapia intensiva. Barcella Elettroforniture ha permesso l\u2019acquisto di\u00a0sette\u00a0BeneHeart D6, defibrillatori portatili studiati sia [&hellip;]<\/p>\n","protected":false},"author":5015,"featured_media":0,"comment_status":"open","ping_status":"open","sticky":false,"template":"","format":"standard","meta":{"footnotes":""},"categories":[5,29,14],"tags":[26952,26683,17221],"class_list":["post-49210","post","type-post","status-publish","format-standard","hentry","category-aziendali","category-comunicati","category-salute-e-medicina","tag-barcella","tag-covid","tag-donazione"],"_links":{"self":[{"href":"https:\/\/www.area-press.eu\/comunicatistampa\/wp-json\/wp\/v2\/posts\/49210","targetHints":{"allow":["GET"]}}],"collection":[{"href":"https:\/\/www.area-press.eu\/comunicatistampa\/wp-json\/wp\/v2\/posts"}],"about":[{"href":"https:\/\/www.area-press.eu\/comunicatistampa\/wp-json\/wp\/v2\/types\/post"}],"author":[{"embeddable":true,"href":"https:\/\/www.area-press.eu\/comunicatistampa\/wp-json\/wp\/v2\/users\/5015"}],"replies":[{"embeddable":true,"href":"https:\/\/www.area-press.eu\/comunicatistampa\/wp-json\/wp\/v2\/comments?post=49210"}],"version-history":[{"count":1,"href":"https:\/\/www.area-press.eu\/comunicatistampa\/wp-json\/wp\/v2\/posts\/49210\/revisions"}],"predecessor-version":[{"id":49212,"href":"https:\/\/www.area-press.eu\/comunicatistampa\/wp-json\/wp\/v2\/posts\/49210\/revisions\/49212"}],"wp:attachment":[{"href":"https:\/\/www.area-press.eu\/comunicatistampa\/wp-json\/wp\/v2\/media?parent=49210"}],"wp:term":[{"taxonomy":"category","embeddable":true,"href":"https:\/\/www.area-press.eu\/comunicatistampa\/wp-json\/wp\/v2\/categories?post=49210"},{"taxonomy":"post_tag","embeddable":true,"href":"https:\/\/www.area-press.eu\/comunicatistampa\/wp-json\/wp\/v2\/tags?post=49210"}],"curies":[{"name":"wp","href":"https:\/\/api.w.org\/{rel}","templated":true}]}}