{"id":49206,"date":"2020-04-10T17:46:39","date_gmt":"2020-04-10T15:46:39","guid":{"rendered":"https:\/\/www.area-press.eu\/comunicatistampa\/?p=49206"},"modified":"2020-04-10T17:46:39","modified_gmt":"2020-04-10T15:46:39","slug":"geoplant-vivai-chiama-gli-italiani-alla-raccolta","status":"publish","type":"post","link":"https:\/\/www.area-press.eu\/comunicatistampa\/2020\/04\/10\/geoplant-vivai-chiama-gli-italiani-alla-raccolta\/","title":{"rendered":"Geoplant Vivai chiama gli Italiani alla raccolta"},"content":{"rendered":"<p lang=\"it-IT\" align=\"JUSTIFY\"><span style=\"color: #000000\"><span style=\"font-family: Times New Roman, serif\"><span style=\"font-size: small\"><span style=\"font-family: Verdana\"><span style=\"font-size: medium\"><i>Per sopperire alla mancanza di braccianti stranieri l&#8217;azienda ravennate chiede alle Istituzioni di intervenire con politiche adeguate e capaci di mettere il comparto nelle condizioni di assorbire, anche per il futuro, manodopera italiana.<\/i><\/span><\/span><\/span><\/span><\/span><\/p>\n<p lang=\"it-IT\" align=\"JUSTIFY\"><span style=\"color: #000000\"><span style=\"font-family: Times New Roman, serif\"><span style=\"font-size: small\"><span style=\"font-family: Verdana\"><span style=\"font-size: medium\"><b>Mancano poche settimane all&#8217;inizio della raccolta della fragola<\/b><\/span><\/span><span style=\"font-family: Verdana\"><span style=\"font-size: medium\"> e gli agricoltori di tutta Italia non sono ancora in grado di<\/span><\/span><b> <\/b><span style=\"font-family: Verdana\"><span style=\"font-size: medium\">rispondere a un interrogativo che giorno dopo giorno si fa pi\u00f9 pressante: <\/span><\/span><span style=\"font-family: Verdana\"><span style=\"font-size: medium\"><b>chi coglier\u00e0 la prima frutta di stagione<\/b><\/span><\/span><span style=\"font-family: Verdana\"><span style=\"font-size: medium\">? <\/span><\/span><span style=\"font-family: Verdana\"><span style=\"font-size: medium\"><b>A domandarselo \u00e8 anche Lucilla Danesi<\/b><\/span><\/span><span style=\"font-family: Verdana\"><span style=\"font-size: medium\">, <\/span><\/span><span style=\"font-family: Verdana\"><span style=\"font-size: medium\"><b>Responsabile Commerciale fragola dell&#8217;azienda vivaistica Geoplant Vivai<\/b><\/span><\/span><span style=\"font-family: Verdana\"><span style=\"font-size: medium\">, azienda ravennate specializzata nella coltivazione di piante da frutto e da fragola. <\/span><\/span><\/span><\/span><\/span><\/p>\n<p lang=\"it-IT\" align=\"JUSTIFY\"><span style=\"color: #000000\">\u201c<span style=\"font-family: Times New Roman, serif\"><span style=\"font-size: small\"><span style=\"font-family: Verdana\"><span style=\"font-size: medium\"><i>L&#8217;emergenza \u00e8 alle porte perch\u00e9 nel Centro-Nord Italia tra poche settimane si entrer\u00e0 in raccolta con la fragola <\/i><\/span><\/span><span style=\"font-family: Verdana\"><span style=\"font-size: medium\">\u2013 commenta Danesi \u2013<\/span><\/span><span style=\"font-family: Verdana\"><span style=\"font-size: medium\"><i> Con quali braccia le coglieremo? Non possiamo permettere che i nostri agricoltori perdano il raccolto di un&#8217;intera stagione. La nostra azienda produce piante, non frutta ed \u00e8 ben coperta in termini di personale, ma molti frutticoltori rischiano di dover lasciare le fragole sulle piante. Occorre un intervento immediato<\/i><\/span><\/span><span style=\"font-family: Verdana\"><span style=\"font-size: medium\">\u201d. <\/span><\/span><span style=\"font-family: Verdana\"><span style=\"font-size: medium\"><b>L&#8217;emergenza sanitaria che ha colpito il Paese, infatti, ha sottratto al comparto la manodopera straniera<\/b><\/span><\/span><span style=\"font-family: Verdana\"><span style=\"font-size: medium\"> normalmente impegnata in questo periodo nelle campagne: si parla di 370.000 braccianti provenienti soprattutto da Est Europa e Nord Africa e che attualmente sono rimasti nei loro paesi a causa del Covid19. Un&#8217;assenza che non potr\u00e0 essere risolta con la circolare con cui recentemente il Ministero dell&#8217;interno ha prorogato fino al 15 giugno i permessi di soggiorno in scadenza tra il 31 gennaio e il 15 aprile 2020.<\/span><\/span><\/span><\/span><\/span><\/p>\n<p lang=\"it-IT\" align=\"JUSTIFY\"><span style=\"color: #000000\"><span style=\"font-family: Times New Roman, serif\"><span style=\"font-size: small\"><span style=\"font-family: Verdana\"><span style=\"font-size: medium\">Secondo la responsabile di Geoplant Vivai, <\/span><\/span><span style=\"font-family: Verdana\"><span style=\"font-size: medium\"><b>una soluzione per risolvere lo stallo<\/b><\/span><\/span><span style=\"font-family: Verdana\"><span style=\"font-size: medium\"> e garantire continuit\u00e0 alla filiera agricola c&#8217;\u00e8 e proviene direttamente da casa nostra.<\/span><\/span><b> <\/b><span style=\"font-family: Verdana\"><span style=\"font-size: medium\">\u201c<\/span><\/span><span style=\"font-family: Verdana\"><span style=\"font-size: medium\"><i>Sono tantissimi gli Italiani che sono disoccupati o momentaneamente inoccupati a causa della crisi. Questa categoria di persone rappresenta una risorsa potenziale che andrebbe valorizzata e messa nelle condizioni di dare il proprio contributo al settore in un periodo di difficolt\u00e0 senza precedenti<\/i><\/span><\/span><span style=\"font-family: Verdana\"><span style=\"font-size: medium\">\u201d.<\/span><\/span><span style=\"font-family: Verdana\"><span style=\"font-size: medium\"><b> Una situazione di emergenza a cui rischia di aggiungersi anche un evidente paradosso<\/b><\/span><\/span><span style=\"font-family: Verdana\"><span style=\"font-size: medium\">. \u201c<\/span><\/span><span style=\"font-family: Verdana\"><span style=\"font-size: medium\"><i>Mi auguro che lo Stato colga questa occasione per stimolare la reddittivit\u00e0 delle persone e contestualmente incontrare il bisogno delle aziende, attraverso la messa in atto di strumenti efficaci e in grado di facilitare le assunzioni. Credo si tratti di un&#8217;alternativa da preferirsi all&#8217;impiego di taluni ammortizzatori sociali che genererebbero meccanismi puramente assistenzialistici. Ci mancherebbe che per garantire un indennizzo improduttivo non si riuscisse poi a reperire manodopera e la frutta dovesse marcire su pianta: sarebbe l\u2019assurdo. Fermo restando che le gelate degli ultimi giorni, purtroppo, si sono portate via quasi tutte le drupacee in Regione. Insomma, piove sul bagnato<\/i><\/span><\/span><span style=\"font-family: Verdana\"><span style=\"font-size: medium\">\u201d.<\/span><\/span><\/span><\/span><\/span><\/p>\n<p lang=\"it-IT\" align=\"JUSTIFY\"><span style=\"color: #000000\"><span style=\"font-family: Times New Roman, serif\"><span style=\"font-size: small\"><span style=\"font-family: Verdana\"><span style=\"font-size: medium\">Un problema che ha anche ulteriori risvolti da non sottovalutare. Prosegue Danesi: <\/span><\/span><span style=\"font-family: Verdana\"><span style=\"font-size: medium\"><i>\u201cPer rimettere in moto la macchina produttiva, serve efficienza e occorre che buona parte degli incentivi venga concessa alle aziende in termini di <\/i><\/span><\/span><span style=\"font-family: Verdana\"><span style=\"font-size: medium\"><i><b>riduzione della pressione fiscale e contributiva<\/b><\/i><\/span><\/span><span style=\"font-family: Verdana\"><span style=\"font-size: medium\"><i>. Andando cos\u00ec a stimolare meccanismi virtuosi di rioccupazione e perch\u00e9 no, di riavvicinamento al settore primario che ha vissuto forti emorragie di personale negli ultimi decenni\u201d.<\/i><\/span><\/span><\/span><\/span><\/span><\/p>\n<p lang=\"it-IT\" align=\"JUSTIFY\"><span style=\"color: #000000\"> <span style=\"font-family: Times New Roman, serif\"><span style=\"font-size: small\"><span style=\"font-family: Verdana\"><span style=\"font-size: medium\">Una formula inoltre per fronteggiare situazioni di irregolarit\u00e0 che in alcuni contesti portano a condizioni lavorative spesso non conformi e oltre misura precarie. <\/span><\/span><span style=\"font-family: Verdana\"><span style=\"font-size: medium\"><i>\u201cCi sono stati troppi casi di sfruttamento indecoroso nel recente passato: fenomeni da combattere a livello governativo con convinzione e forza. Il lavoro sommerso deve esser contrastato, gli operai di campagna retribuiti secondo i Contratti Collettivi di Lavoro; e allo stesso tempo, gli imprenditori agricoli devono essere messi nella condizione di fare reddito, proprio per potere garantire compensi e condizioni di lavoro accettabili ai loro dipendenti. Tradotto, <\/i><\/span><\/span><span style=\"font-family: Verdana\"><span style=\"font-size: medium\"><i><b>la redditivit\u00e0 va meglio distribuita, cos\u00ec che tutti i soggetti della filiera ne traggano beneficio e marginalit\u00e0<\/b><\/i><\/span><\/span><span style=\"font-family: Verdana\"><span style=\"font-size: medium\"><i>\u201d.<\/i><\/span><\/span><\/span><\/span><\/span><\/p>\n<p lang=\"it-IT\" align=\"JUSTIFY\"><span style=\"color: #000000\"><span style=\"font-family: Times New Roman, serif\"><span style=\"font-size: small\"><span style=\"font-family: Verdana\"><span style=\"font-size: medium\">Creare una situazione economica sostenibile consentirebbe anche di assicurare una ulteriore qualit\u00e0 sulle tavole del pubblico, grazie all\u2019adozione di pratiche di controllo garantite.<\/span><\/span><\/span><\/span><\/span><\/p>\n<p lang=\"it-IT\" align=\"JUSTIFY\"><span style=\"color: #000000\">\u201c<span style=\"font-family: Times New Roman, serif\"><span style=\"font-size: small\"><span style=\"font-family: Verdana\"><span style=\"font-size: medium\"><i>Ridiscutere i modelli<\/i><\/span><\/span><span style=\"font-family: Verdana\"><span style=\"font-size: medium\"> \u2013 conclude Lucilla Danesi \u2013 <\/span><\/span><span style=\"font-family: Verdana\"><span style=\"font-size: medium\"><i>sarebbe un\u2019opportunit\u00e0 da cogliere per uscire da questa situazione di crisi e per gettare le basi di un rilancio da tempo necessario. Le produzioni nazionali sono tra le pi\u00f9 apprezzate nel mondo e tutelarle nel modo giusto significa valorizzare un patrimonio che non possiamo permetterci di disperdere. In tempi di sacrifici e di analisi, il bilancio pu\u00f2 diventare positivo se tutti i protagonisti della filiera sapranno trovare modalit\u00e0 e approccio che vadano verso una pi\u00f9 congrua retribuzione di lavoratori e operatori, a vantaggio di tutti<\/i><\/span><\/span><span style=\"font-family: Verdana\"><span style=\"font-size: medium\">\u201d. <\/span><\/span><\/span><\/span><\/span><\/p>\n<p lang=\"it-IT\" align=\"JUSTIFY\"><span style=\"color: #000000\"><span style=\"font-family: Times New Roman, serif\"><span style=\"font-size: medium\">http:\/\/www.geoplantvivai.com\/<\/span><\/span><\/span><\/p>\n<p align=\"JUSTIFY\">\n","protected":false},"excerpt":{"rendered":"<p>Per sopperire alla mancanza di braccianti stranieri l&#8217;azienda ravennate chiede alle Istituzioni di intervenire con politiche adeguate e capaci di mettere il comparto nelle condizioni di assorbire, anche per il futuro, manodopera italiana. Mancano poche settimane all&#8217;inizio della raccolta della fragola e gli agricoltori di tutta Italia non sono ancora in grado di rispondere a [&hellip;]<\/p>\n","protected":false},"author":3854,"featured_media":0,"comment_status":"open","ping_status":"open","sticky":false,"template":"","format":"standard","meta":{"footnotes":""},"categories":[29],"tags":[26947,26821,26711,26950,26949,19437,26948],"class_list":["post-49206","post","type-post","status-publish","format-standard","hentry","category-comunicati","tag-agricoltura-crisi","tag-agricoltura-italiana","tag-emergenza-covid19","tag-emergenza-manodopera","tag-filiera-agricola","tag-geoplant-vivai","tag-raccolta-fragole"],"_links":{"self":[{"href":"https:\/\/www.area-press.eu\/comunicatistampa\/wp-json\/wp\/v2\/posts\/49206","targetHints":{"allow":["GET"]}}],"collection":[{"href":"https:\/\/www.area-press.eu\/comunicatistampa\/wp-json\/wp\/v2\/posts"}],"about":[{"href":"https:\/\/www.area-press.eu\/comunicatistampa\/wp-json\/wp\/v2\/types\/post"}],"author":[{"embeddable":true,"href":"https:\/\/www.area-press.eu\/comunicatistampa\/wp-json\/wp\/v2\/users\/3854"}],"replies":[{"embeddable":true,"href":"https:\/\/www.area-press.eu\/comunicatistampa\/wp-json\/wp\/v2\/comments?post=49206"}],"version-history":[{"count":1,"href":"https:\/\/www.area-press.eu\/comunicatistampa\/wp-json\/wp\/v2\/posts\/49206\/revisions"}],"predecessor-version":[{"id":49207,"href":"https:\/\/www.area-press.eu\/comunicatistampa\/wp-json\/wp\/v2\/posts\/49206\/revisions\/49207"}],"wp:attachment":[{"href":"https:\/\/www.area-press.eu\/comunicatistampa\/wp-json\/wp\/v2\/media?parent=49206"}],"wp:term":[{"taxonomy":"category","embeddable":true,"href":"https:\/\/www.area-press.eu\/comunicatistampa\/wp-json\/wp\/v2\/categories?post=49206"},{"taxonomy":"post_tag","embeddable":true,"href":"https:\/\/www.area-press.eu\/comunicatistampa\/wp-json\/wp\/v2\/tags?post=49206"}],"curies":[{"name":"wp","href":"https:\/\/api.w.org\/{rel}","templated":true}]}}