{"id":4919,"date":"2016-01-05T16:09:33","date_gmt":"2016-01-05T15:09:33","guid":{"rendered":"http:\/\/www.area-press.eu\/comunicatistampa\/?p=4919"},"modified":"2018-10-28T18:26:13","modified_gmt":"2018-10-28T17:26:13","slug":"accessori-uomo-da-regalare","status":"publish","type":"post","link":"https:\/\/www.area-press.eu\/comunicatistampa\/2016\/01\/05\/accessori-uomo-da-regalare\/","title":{"rendered":"Accessori uomo da regalare"},"content":{"rendered":"<p class=\"p1\"><span class=\"s1\">Per quest\u2019anno non dobbiamo pi\u00f9 occuparci di trovare il perfetto regalo di Natale, ma tutti gli uomini che compiono gli anni nei primi mesi dell\u2019anno si aspetteranno di ricevere dei regali all\u2019altezza dei precedenti: quali sono, dunque, <strong>gli accessori che non possono mancare nel guardaroba maschile<\/strong> per questo autunno inverno 2015 2016? <\/span><\/p>\n<p><img loading=\"lazy\" decoding=\"async\" class=\"alignleft\" src=\"http:\/\/th.fashionblog.it\/F9SbFnBwra42RfMipB539qtaSXk=\/fit-in\/655xorig\/http:\/\/media.fashionblog.it\/c\/c92\/pitti-uomo-87-accessori.jpg\" alt=\"foto Accessori uomo\" width=\"533\" height=\"354\" \/><span class=\"s1\">Partiamo dai grandi classici stagionali, ossia un bel paio di guanti oppure un evergreen set da viaggio componibile, e arriviamo rapidamente agli occhiali o alle cinture pi\u00f9 o meno eleganti. Chi cerca qualcosa di pi\u00f9 originale pu\u00f2 pensare di <strong>regalare un bookcase firmato in poliuretano<\/strong>\u00a0oppure uno degli accessori di tendenza delle gift collection dei grandi brand della moda attuale.<\/span><\/p>\n<p class=\"p1\"><span class=\"s1\">Chi ha a disposizione un budget pi\u00f9 cospicuo pu\u00f2 lasciar perdere la tecnologia e concentrarsi sugli <strong>accessori da uomo classici<\/strong> come i guanti in pitone e nappa oppure i portachiavi in pelle con anello in acciaio. Anche il porta documenti in pitone \u00e8 un regalo per gli amanti dello <strong>stile business man<\/strong>, mentre il cappello in puro feltro diventa intelligente e accoglie i bottoni nella nuova versione che diventa la pi\u00f9 comoda perch\u00e9 si ripiega quando non si usa. <\/span><\/p>\n<p class=\"p1\"><span class=\"s1\">E ancora penne firmate, borsone sportivi in pelle con tracolla per uno stile <strong>sporty che si mantiene glamour<\/strong>, anelli e bracciali in metallo e argento: chi viaggia apprezzer\u00e0 la comodit\u00e0 di un set da viaggio componibile realizzato in tessuto tecnico, oppure la cover in plastica e PVC per lo smartphone o il tablet.<\/span><\/p>\n","protected":false},"excerpt":{"rendered":"<p>Per quest\u2019anno non dobbiamo pi\u00f9 occuparci di trovare il perfetto regalo di Natale, ma tutti gli uomini che compiono gli anni nei primi mesi dell\u2019anno si aspetteranno di ricevere dei regali all\u2019altezza dei precedenti: quali sono, dunque, gli accessori che non possono mancare nel guardaroba maschile per questo autunno inverno 2015 2016? Partiamo dai grandi [&hellip;]<\/p>\n","protected":false},"author":18,"featured_media":0,"comment_status":"open","ping_status":"open","sticky":false,"template":"","format":"standard","meta":{"footnotes":""},"categories":[18],"tags":[4067],"class_list":["post-4919","post","type-post","status-publish","format-standard","hentry","category-altri-vari","tag-accessori-uomo"],"_links":{"self":[{"href":"https:\/\/www.area-press.eu\/comunicatistampa\/wp-json\/wp\/v2\/posts\/4919","targetHints":{"allow":["GET"]}}],"collection":[{"href":"https:\/\/www.area-press.eu\/comunicatistampa\/wp-json\/wp\/v2\/posts"}],"about":[{"href":"https:\/\/www.area-press.eu\/comunicatistampa\/wp-json\/wp\/v2\/types\/post"}],"author":[{"embeddable":true,"href":"https:\/\/www.area-press.eu\/comunicatistampa\/wp-json\/wp\/v2\/users\/18"}],"replies":[{"embeddable":true,"href":"https:\/\/www.area-press.eu\/comunicatistampa\/wp-json\/wp\/v2\/comments?post=4919"}],"version-history":[{"count":3,"href":"https:\/\/www.area-press.eu\/comunicatistampa\/wp-json\/wp\/v2\/posts\/4919\/revisions"}],"predecessor-version":[{"id":35443,"href":"https:\/\/www.area-press.eu\/comunicatistampa\/wp-json\/wp\/v2\/posts\/4919\/revisions\/35443"}],"wp:attachment":[{"href":"https:\/\/www.area-press.eu\/comunicatistampa\/wp-json\/wp\/v2\/media?parent=4919"}],"wp:term":[{"taxonomy":"category","embeddable":true,"href":"https:\/\/www.area-press.eu\/comunicatistampa\/wp-json\/wp\/v2\/categories?post=4919"},{"taxonomy":"post_tag","embeddable":true,"href":"https:\/\/www.area-press.eu\/comunicatistampa\/wp-json\/wp\/v2\/tags?post=4919"}],"curies":[{"name":"wp","href":"https:\/\/api.w.org\/{rel}","templated":true}]}}