{"id":4910,"date":"2016-01-05T16:09:33","date_gmt":"2016-01-05T15:09:33","guid":{"rendered":"http:\/\/www.area-press.eu\/comunicatistampa\/?p=4910"},"modified":"2016-01-05T16:09:33","modified_gmt":"2016-01-05T15:09:33","slug":"alla-scoperta-della-val-venosta-bz-terra-di-conquista-dello-sci-di-fondo","status":"publish","type":"post","link":"https:\/\/www.area-press.eu\/comunicatistampa\/2016\/01\/05\/alla-scoperta-della-val-venosta-bz-terra-di-conquista-dello-sci-di-fondo\/","title":{"rendered":"ALLA SCOPERTA DELLA VAL VENOSTA (BZ), TERRA DI CONQUISTA DELLO SCI DI FONDO"},"content":{"rendered":"<p>Lo speciale biglietto \u201cSci di fondo Val Venosta\u201d garantisce l\u2019accesso a tutte le piste<\/p>\n<p>Possibilit\u00e0 di organizzare un percorso in tutti i comprensori sciistici<\/p>\n<p>Sport invernali per intenditori in Val Venosta<\/p>\n<p>Percorsi panoramici e 109 chilometri di piste idilliache<\/p>\n<p>&nbsp;<\/p>\n<p>&nbsp;<\/p>\n<p>Gli appassionati di sci nordico potranno trovare in Val Venosta piste di sci di fondo ideali per praticare una sana attivit\u00e0 sportiva e percorsi panoramici di ogni tipo, il tutto alla riscoperta della vallata altoatesina.<\/p>\n<p>La Val Martello e la zona intorno ai laghi di Resia e San Valentino potranno assicurare un\u2019esperienza autentica, nel cuore della natura. Centri sciistici perfettamente allestiti si potranno trovare nell\u2019area turistica dell\u2019Ortles, nel Parco Nazionale dello Stelvio, in Vallelunga e vicino a Slingia, ed anche nella confinante Val Monastero in terra elvetica.<\/p>\n<p>Uno dei regali pi\u00f9 emozionanti che ci si potr\u00e0 fare per il nuovo anno sar\u00e0 organizzare un percorso in tutte e otto le zone messe a disposizione per praticare sci di fondo, grazie allo speciale biglietto \u2018Sci di fondo Val Venosta\u2019.<\/p>\n<p>109 chilometri di \u2018sentieri\u2019 garantiranno divertimento assicurato a tutti gli amanti degli sci stretti. Il biglietto consentir\u00e0 l\u2019accesso a tutte le piste e ai percorsi della Val Venosta, in stile classico o in skating, ed \u00e8 disponibile presso gli sportelli di tutti i comprensori. I prezzi per gli adulti saranno cos\u00ec costituiti: 6 euro per la tariffa giornaliera, 25 euro il settimanale, 70 euro l\u2019abbonamento stagionale e 95 euro per l\u2019abbonamento stagionale comprendente la possibilit\u00e0 di sciare anche in Val Monastero, mentre per i bambini dagli 8 ai 14 anni le tariffe saranno rispettivamente di 3, 12 e 30 euro.<\/p>\n<p>Il Centro di Sci Nordico di Slingia, nel comprensorio di Watles, \u00e8 il punto d\u2019incontro dello scenario fondistico internazionale. Fu sede dei campionati mondiali di fondo juniores nel 2008 e dei campionati nazionali di fondo, ed \u00e8 completamente dedito a questa disciplina. Piste allestite sia per principianti che per esperti, dispone di una propria scuola di sci e di un servizio di sciolinatura.<\/p>\n<p>La Vallelunga incanta per la propria quiete, \u00e8 il posto ideale per chi pratica sci di fondo e ricerca tranquillit\u00e0 e contatto con la natura. Il territorio della Val Venosta \u00e8 caratterizzato da una cultura varia, particolareggiata e stimolante, ricca di testimonianze storiche. Il paesaggio vanta numerosi sentieri lungo le antiche rogge, ovvero i canali artificiali risalenti a centinaia di anni fa, percorsi escursionistici e panorami mozzafiato.<\/p>\n<p>Un luogo magico, che garantisce 300 giorni di sole l\u2019anno, rendendo possibile l\u2019esercizio fisico all\u2019aria aperta sia in estate che in inverno.<\/p>\n<p>La Val Venosta \u00e8 un paradiso per gli amanti dello sci di fondo e della stagione invernale, ma anche meta privilegiata per tutto il resto dell\u2019anno, assicurando a turisti ed appassionati il soddisfacimento di ogni tipo di esigenza, dalle discipline sportive alle storie leggendarie che la riguardano, come quella del vecchio campanile di Curon, che emerge dalle acque del lago di Resia. D\u2019inverno il lago gela e per i visitatori sar\u00e0 possibile raggiungere il campanile a piedi.<\/p>\n<p>La leggenda narra che in alcune giornate si possano ancora udire le campane suonare, nonostante siano state rimosse dal campanile il 18 luglio 1950&#8230;<\/p>\n<p>Info: <a href=\"http:\/\/www.venosta.net\/\">www.venosta.net<\/a><\/p>\n","protected":false},"excerpt":{"rendered":"<p>Lo speciale biglietto \u201cSci di fondo Val Venosta\u201d garantisce l\u2019accesso a tutte le piste Possibilit\u00e0 di organizzare un percorso in tutti i comprensori sciistici Sport invernali per intenditori in Val Venosta Percorsi panoramici e 109 chilometri di piste idilliache &nbsp; &nbsp; Gli appassionati di sci nordico potranno trovare in Val Venosta piste di sci di [&hellip;]<\/p>\n","protected":false},"author":15,"featured_media":0,"comment_status":"open","ping_status":"open","sticky":false,"template":"","format":"standard","meta":{"footnotes":""},"categories":[15],"tags":[],"class_list":["post-4910","post","type-post","status-publish","format-standard","hentry","category-sport"],"_links":{"self":[{"href":"https:\/\/www.area-press.eu\/comunicatistampa\/wp-json\/wp\/v2\/posts\/4910","targetHints":{"allow":["GET"]}}],"collection":[{"href":"https:\/\/www.area-press.eu\/comunicatistampa\/wp-json\/wp\/v2\/posts"}],"about":[{"href":"https:\/\/www.area-press.eu\/comunicatistampa\/wp-json\/wp\/v2\/types\/post"}],"author":[{"embeddable":true,"href":"https:\/\/www.area-press.eu\/comunicatistampa\/wp-json\/wp\/v2\/users\/15"}],"replies":[{"embeddable":true,"href":"https:\/\/www.area-press.eu\/comunicatistampa\/wp-json\/wp\/v2\/comments?post=4910"}],"version-history":[{"count":1,"href":"https:\/\/www.area-press.eu\/comunicatistampa\/wp-json\/wp\/v2\/posts\/4910\/revisions"}],"predecessor-version":[{"id":4911,"href":"https:\/\/www.area-press.eu\/comunicatistampa\/wp-json\/wp\/v2\/posts\/4910\/revisions\/4911"}],"wp:attachment":[{"href":"https:\/\/www.area-press.eu\/comunicatistampa\/wp-json\/wp\/v2\/media?parent=4910"}],"wp:term":[{"taxonomy":"category","embeddable":true,"href":"https:\/\/www.area-press.eu\/comunicatistampa\/wp-json\/wp\/v2\/categories?post=4910"},{"taxonomy":"post_tag","embeddable":true,"href":"https:\/\/www.area-press.eu\/comunicatistampa\/wp-json\/wp\/v2\/tags?post=4910"}],"curies":[{"name":"wp","href":"https:\/\/api.w.org\/{rel}","templated":true}]}}