{"id":491,"date":"2015-07-22T21:23:38","date_gmt":"2015-07-22T19:23:38","guid":{"rendered":"http:\/\/www.area-press.eu\/comunicatistampa\/?p=491"},"modified":"2015-07-22T21:23:38","modified_gmt":"2015-07-22T19:23:38","slug":"una-nuova-soreghina-per-marcialonga-incoronazione-lunedi-prossimo-a-soraga","status":"publish","type":"post","link":"https:\/\/www.area-press.eu\/comunicatistampa\/2015\/07\/22\/una-nuova-soreghina-per-marcialonga-incoronazione-lunedi-prossimo-a-soraga\/","title":{"rendered":"UNA NUOVA SOREGHINA PER MARCIALONGA: INCORONAZIONE LUNED\u00cd PROSSIMO A SORAGA"},"content":{"rendered":"<p>Luned\u00ec 27 luglio a Soraga si elegge la nuova Soreghina<\/p>\n<p>Quattro candidate al titolo, iscrizioni ancora aperte<\/p>\n<p>Giulia Pastore cede lo scettro<\/p>\n<p>Lo snowboarder Mirko Felicetti membro della giuria<\/p>\n<p>&nbsp;<\/p>\n<p>&nbsp;<\/p>\n<p>La Marcialonga scandisce le stagioni delle Valli di Fiemme e Fassa. A gennaio, giugno e settembre ski-marathon, Marcialonga Cycling Craft e \u2018Running Coop\u2019 attirano in Trentino migliaia di sportivi di tutto il mondo, ma all\u2019ombra delle Dolomiti \u00e8 sempre tempo di Marcialonga. Luned\u00ec 27 luglio, infatti, sar\u00e0 il giorno dell\u2019elezione della nuova Soreghina, la \u2018leggendaria\u2019 Figlia del Sole che premia i vincitori delle gare targate Marcialonga ed \u00e8 il volto di Marcialonga nelle diverse uscite ufficiali. La serata d\u2019incoronazione si terr\u00e0 alla Gran Ciasa di Soraga alle 21.00, dove le aspiranti Soreghine si metteranno in gioco per ricevere lo scettro dalla moenese Giulia Pastore e diventare cos\u00ec la quindicesima ambasciatrice della Marcialonga e delle due vallate dolomitiche.<\/p>\n<p>Le iscrizioni restano aperte sino a venerd\u00ec e quindi per le giovani fiemmesi e fassane c\u2019\u00e8 ancora spazio per entrare a far parte delle magnifiche sei che si giocheranno il titolo. Sono quattro le candidature ricevute finora e rispondono tutte ai requisiti richiesti dal regolamento, come la dimestichezza con le lingue o l\u2019impegno nel volontariato, essenziali per rappresentare una manifestazione nota e amata in tutto il mondo come la Marcialonga e lo spirito delle valli che la ospitano. La Soreghina, inoltre, deve avere un\u2019et\u00e0 compresa fra i 18 e i 30 anni ed essere residente in Val di Fiemme o Val di Fassa, come Anna Crosignani, classe 1992 di Daiano, che vanta esperienze di lavoro e stage in Germania e Repubblica Ceca dove ha fatto parte dello staff della Jizersk\u00e1 Pades\u00e1tka, granfondo invernale che come Marcialonga \u00e8 membro della federazione Worldloppet. A completare il profilo, una laurea in Mediazione Linguistica e Culturale ed esperienze di volontariato alla Marcialonga e ai Campionati del Mondo di Sci Nordico 2013. Gessica Defrancesco giocher\u00e0 in casa visto che la ragazza nata nel 1996 \u00e8 di Soraga. Appassionata di musica e canto, suona l\u2019organo nella chiesa parrocchiale e vanta periodi di studio all\u2019estero oltre a far parte del gruppo folk. La sua coetanea Angelica Bonelli abita a Carano e si \u00e8 da poco diplomata al Liceo Linguistico di Cavalese. Durante gli studi ha svolto esperienze di volontariato sia con i bambini sia con gli anziani, senza dimenticare che Angelica suona nella banda sociale di Cavalese ed ha praticato atletica e sci di fondo anche a livello agonistico. La rosa delle candidate si completa con Martina Isma, classe 1994 di Daiano, che frequenta l\u2019Istituto Europeo di Osteopatia a Verona ed \u00e8 una grande sportiva: lo scorso gennaio ha partecipato alla Marcialonga Light ma in passato anche a gare di Orienteering ed attualmente \u00e8 istruttrice di Zumba, oltre ad essere stata volontaria ai Campionati del Mondo di Fiemme 2013.<\/p>\n<p>Per scoprire chi sar\u00e0 la Soreghina numero 15 non resta che attendere luned\u00ec sera quando a Soraga avverr\u00e0 la tradizionale cerimonia di incoronazione, animata da musica e balli del gruppo folk e delle Schuhplattlerinnen Val di Fassa. Fra i membri della giuria che sceglier\u00e0 la nuova Soreghina ci sar\u00e0 anche lo snowboarder fiemmese Mirko Felicetti assieme ad Angelo Corradini, presidente di Marcialonga, Devi Brunel, sindaco di Soraga, Giacomo Boninsegna, Scario della Magnifica Comunit\u00e0 di Fiemme, Elena Testor, procuradora del Comun General de Fascia, la giornalista Monica Gabrielli e i rappresentanti di ITAS Assicurazioni e delle APT della Val di Fiemme e della Val di Fassa.<\/p>\n<p>Info: <a href=\"http:\/\/www.marcialonga.it\/\">www.marcialonga.it<\/a><\/p>\n","protected":false},"excerpt":{"rendered":"<p>Luned\u00ec 27 luglio a Soraga si elegge la nuova Soreghina Quattro candidate al titolo, iscrizioni ancora aperte Giulia Pastore cede lo scettro Lo snowboarder Mirko Felicetti membro della giuria &nbsp; &nbsp; La Marcialonga scandisce le stagioni delle Valli di Fiemme e Fassa. A gennaio, giugno e settembre ski-marathon, Marcialonga Cycling Craft e \u2018Running Coop\u2019 attirano [&hellip;]<\/p>\n","protected":false},"author":15,"featured_media":0,"comment_status":"open","ping_status":"open","sticky":false,"template":"","format":"standard","meta":{"footnotes":""},"categories":[15],"tags":[],"class_list":["post-491","post","type-post","status-publish","format-standard","hentry","category-sport"],"_links":{"self":[{"href":"https:\/\/www.area-press.eu\/comunicatistampa\/wp-json\/wp\/v2\/posts\/491","targetHints":{"allow":["GET"]}}],"collection":[{"href":"https:\/\/www.area-press.eu\/comunicatistampa\/wp-json\/wp\/v2\/posts"}],"about":[{"href":"https:\/\/www.area-press.eu\/comunicatistampa\/wp-json\/wp\/v2\/types\/post"}],"author":[{"embeddable":true,"href":"https:\/\/www.area-press.eu\/comunicatistampa\/wp-json\/wp\/v2\/users\/15"}],"replies":[{"embeddable":true,"href":"https:\/\/www.area-press.eu\/comunicatistampa\/wp-json\/wp\/v2\/comments?post=491"}],"version-history":[{"count":1,"href":"https:\/\/www.area-press.eu\/comunicatistampa\/wp-json\/wp\/v2\/posts\/491\/revisions"}],"predecessor-version":[{"id":492,"href":"https:\/\/www.area-press.eu\/comunicatistampa\/wp-json\/wp\/v2\/posts\/491\/revisions\/492"}],"wp:attachment":[{"href":"https:\/\/www.area-press.eu\/comunicatistampa\/wp-json\/wp\/v2\/media?parent=491"}],"wp:term":[{"taxonomy":"category","embeddable":true,"href":"https:\/\/www.area-press.eu\/comunicatistampa\/wp-json\/wp\/v2\/categories?post=491"},{"taxonomy":"post_tag","embeddable":true,"href":"https:\/\/www.area-press.eu\/comunicatistampa\/wp-json\/wp\/v2\/tags?post=491"}],"curies":[{"name":"wp","href":"https:\/\/api.w.org\/{rel}","templated":true}]}}