{"id":49081,"date":"2020-04-07T01:14:01","date_gmt":"2020-04-06T23:14:01","guid":{"rendered":"https:\/\/www.area-press.eu\/comunicatistampa\/?p=49081"},"modified":"2020-08-09T23:40:30","modified_gmt":"2020-08-09T21:40:30","slug":"esc-la-principessa-sul-triciclo","status":"publish","type":"post","link":"https:\/\/www.area-press.eu\/comunicatistampa\/2020\/04\/07\/esc-la-principessa-sul-triciclo\/","title":{"rendered":"Esc \u201cLa principessa sul triciclo\u201d"},"content":{"rendered":"<p style=\"text-align: center\"><i><span style=\"font-weight: 400\">In perfetto equilibrio tra scrittura di stampo cantautorale e un sound contemporaneo, il cantante romano presenta il suo singolo come una delicata favola metropolitana. Il brano anticipa il suo disco \u201cArgonauta\u201d.<\/span><\/i><\/p>\n<p style=\"text-align: center\"><i><span style=\"font-weight: 400\">In radio dal 12 marzo.\u00a0<\/span><\/i><\/p>\n<p><img loading=\"lazy\" decoding=\"async\" class=\"alignnone size-medium aligncenter\" src=\"https:\/\/www.earone.it\/newsimages\/esc_la_principessa_sul_triciclo.jpg___th_320_0.jpg\" width=\"320\" height=\"320\" \/><\/p>\n<p style=\"text-align: center\"><i><span style=\"font-weight: 400\">Nella ruota destra farfalle e musica<\/span><\/i><\/p>\n<p style=\"text-align: center\"><i><span style=\"font-weight: 400\">Nella sinistra una stanza gelida<\/span><\/i><\/p>\n<p>&nbsp;<\/p>\n<p><i><span style=\"font-weight: 400\">La Principessa sul Triciclo<\/span><\/i><span style=\"font-weight: 400\"> \u00e8 <\/span><b>un inno alla delicatezza, al rispetto del tempo, del vissuto e della ricerca personale degli altri<\/b><span style=\"font-weight: 400\">. Ricerca che pu\u00f2 portare ad allontanarsi per scovare se stessi o addirittura proteggersi. Il testo invita a rispettare questa ricerca anche (e ancora di pi\u00f9) quando si \u00e8 innamorati.<\/span><\/p>\n<p><b>La produzione <\/b><span style=\"font-weight: 400\">artistica del musicista e arrangiatore <\/span><b>Alberto Paderni<\/b><span style=\"font-weight: 400\"> rende il brano <\/span><b>una <\/b><b><i>realt\u00e0 onirica<\/i><\/b><b>, in cui beat, archi, pad e synth trovano la loro comfort zone<\/b><span style=\"font-weight: 400\">, incanalando la narrazione della canzone in un ambiente caldo e dai contorni sfumati, quasi subacqueo.\u00a0<\/span><\/p>\n<p><span style=\"font-weight: 400\">La produzione di questo singolo vede anche la collaborazione di <\/span><b>Antonio<\/b> <b>Pagano e Simone Visani.<\/b><\/p>\n<p><b>La copertina <\/b><span style=\"font-weight: 400\">del singolo \u00e8 una foto scattata dallo stesso ESC, sulla quale \u00e8 stato aggiunto il titolo in un font illustrato che cita quello della copertina di <\/span><b>\u201cStoria di un impiegato\u201d di Fabrizio De Andr\u00e9.<\/b><span style=\"font-weight: 400\">\u00a0\u00a0<\/span><\/p>\n<p><span style=\"font-weight: 400\">Il singolo \u00e8 tratto dall\u2019<\/span><b>album d\u2019esordio di ESC intitolato \u201cArgonauta\u201d.<\/b><\/p>\n<p><i><span style=\"font-weight: 400\">\u00ab<\/span><\/i><b><i>Argonauta<\/i><\/b><i><span style=\"font-weight: 400\"> \u00e8 il mio disco 0, rappresenta tutto ci\u00f2 che non ho fatto fino ad oggi in campo musicale ed \u00e8 il punto di partenza di un percorso artistico che voglio coltivare al meglio.<\/span><\/i> <i><span style=\"font-weight: 400\">Sono sempre stato interessato ai <\/span><\/i><b><i>contrasti e alle analogie tra le parti opposte<\/i><\/b><i><span style=\"font-weight: 400\"> e tanto Esc quanto Argonauta ne sono pervasi. Esc come nome nasce da una mattina di hangover: dopo una festa, avevamo scritto i nomi sui bicchieri ma sul mio era rimasto solo \u201cESC\u201d. Allo stesso tempo il nome ha un forte legame con la scelta del percorso che ho scelto di intraprendere che mi ha portato a lasciare la mia vita da ingegnere per scrivere e cantare canzoni, qui il contrasto. Argonauta, oltre a essere il nome del mio storico gruppo di amici \u201cargonauti\u201d, non solo rappresenta il viaggio ma \u00e8 un nome che sicuramente rimanda al classico. Al contrario, a livello di \u201csuono\u201d rimanda a qualcosa di pi\u00f9 \u201cscientifico\u201d o \u201cspaziale\u201d\u00bb. <\/span><\/i><b>Esc.<\/b><\/p>\n<p>&nbsp;<\/p>\n<p><iframe loading=\"lazy\" title=\"Esc - La Principessa Sul Triciclo\" width=\"500\" height=\"281\" src=\"https:\/\/www.youtube.com\/embed\/G-nMW-4-LyM?feature=oembed\" frameborder=\"0\" allow=\"accelerometer; autoplay; clipboard-write; encrypted-media; gyroscope; picture-in-picture; web-share\" referrerpolicy=\"strict-origin-when-cross-origin\" allowfullscreen><\/iframe><\/p>\n<p><b>Radio date: 12 marzo 2020<\/b><\/p>\n<p><b>Pubblicazione album: maggio 2020<\/b><\/p>\n<p>&nbsp;<\/p>\n<p><b>BIO<\/b><\/p>\n<p><b>Nato a Roma<\/b><span style=\"font-weight: 400\"> da padre emiliano e madre romana, Francesco Botti, in arte ESC, inizia a suonare entrando a far parte dei <\/span><b>For a Saleswoman\u2019s Sake,<\/b> <b>gruppo post rock romano<\/b><span style=\"font-weight: 400\">, e con loro <\/span><b>apre<\/b><span style=\"font-weight: 400\"> nel 2009 un concerto dei <\/span><b>Bologna Violenta<\/b><span style=\"font-weight: 400\">, progetto solista di Nicola Manzan, chitarrista del <\/span><b>Teatro degli Orrori<\/b><span style=\"font-weight: 400\">.\u00a0<\/span><\/p>\n<p><span style=\"font-weight: 400\">In seguito ESC vince una borsa di studio al <\/span><b>Centro Europeo di Tuscolano (CET),<\/b><span style=\"font-weight: 400\"> accademia di musica di <\/span><b>Mogol<\/b><span style=\"font-weight: 400\">, dove segue lezioni di composizione, scrittura testi ed interpretazione della canzone italiana. Nello stesso frangente, fa la conoscenza di diversi artisti provenienti da tutto il territorio nazionale.<\/span><\/p>\n<p><span style=\"font-weight: 400\">Dopo la laurea in ingegneria, si trasferisce a Modena ed \u00e8 proprio l\u00ec che compie i passi pi\u00f9 importanti. Attraversa una nuova fase di scrittura, che si conclude con la produzione di nuovi inediti. I pezzi vengono arrangiati in elettrico con una formazione efficace e solida, e riscuotono da subito un ottimo riscontro, procurando a <\/span><b>ESC l&#8217;opening del concerto dei SickTamburo + Ros all&#8217;Ardeforte Festival 2018<\/b><span style=\"font-weight: 400\">, e permettendogli di salire anche sul palco del <\/span><b>&#8220;Che Effetto Fa Tour&#8221; in apertura ai Kutso.\u00a0<\/b><\/p>\n<p><span style=\"font-weight: 400\">Durante l&#8217;estate 2019, ESC lancia il <\/span><b>&#8220;Pazzesco Cover Contest&#8221;,<\/b><span style=\"font-weight: 400\"> 8 brani provenienti dalla scena nazionale e non, riarrangiati e presentati sul suo profilo Instagram; una gara che coinvolge i suoi followers tanto da trasformarsi in un mini tour estivo, il <\/span><b>&#8220;Pazzesco Summer Tour&#8221;.<\/b><\/p>\n<p><span style=\"font-weight: 400\">Il singolo <\/span><b>\u201cLa principessa sul triciclo<\/b><span style=\"font-weight: 400\">\u201d anticipa \u201c<\/span><b>Argonauta\u201c,<\/b><span style=\"font-weight: 400\"> album di esordio del cantautore romano \u2013 ad\u00a0 oggi alle fasi finali di mix con la produzione di Alberto Paderni (BlueBeet Studio di Reggio Emilia) \u2013 la cui uscita \u00e8 prevista per maggio 2020.<\/span><\/p>\n<p>&nbsp;<\/p>\n<p>&nbsp;<\/p>\n<p><b>Contatti e social<\/b><\/p>\n<p><b>Fb<\/b> <a href=\"http:\/\/www.facebook.com\/escsonoio\/\"><b>www.facebook.com\/escsonoio\/<\/b><\/a><\/p>\n<p><b>Ig <\/b><a href=\"http:\/\/www.instagram.com\/escsonoio\/?hl=it\"><b>www.instagram.com\/escsonoio\/?hl=it<\/b><\/a><\/p>\n","protected":false},"excerpt":{"rendered":"<p>In perfetto equilibrio tra scrittura di stampo cantautorale e un sound contemporaneo, il cantante romano presenta il suo singolo come una delicata favola metropolitana. Il brano anticipa il suo disco \u201cArgonauta\u201d. In radio dal 12 marzo.\u00a0 Nella ruota destra farfalle e musica Nella sinistra una stanza gelida &nbsp; La Principessa sul Triciclo \u00e8 un inno [&hellip;]<\/p>\n","protected":false},"author":4383,"featured_media":0,"comment_status":"open","ping_status":"open","sticky":false,"template":"","format":"standard","meta":{"footnotes":""},"categories":[12],"tags":[4244,26908,690],"class_list":["post-49081","post","type-post","status-publish","format-standard","hentry","category-musica","tag-cantautorato","tag-esc","tag-nuovo-singolo"],"_links":{"self":[{"href":"https:\/\/www.area-press.eu\/comunicatistampa\/wp-json\/wp\/v2\/posts\/49081","targetHints":{"allow":["GET"]}}],"collection":[{"href":"https:\/\/www.area-press.eu\/comunicatistampa\/wp-json\/wp\/v2\/posts"}],"about":[{"href":"https:\/\/www.area-press.eu\/comunicatistampa\/wp-json\/wp\/v2\/types\/post"}],"author":[{"embeddable":true,"href":"https:\/\/www.area-press.eu\/comunicatistampa\/wp-json\/wp\/v2\/users\/4383"}],"replies":[{"embeddable":true,"href":"https:\/\/www.area-press.eu\/comunicatistampa\/wp-json\/wp\/v2\/comments?post=49081"}],"version-history":[{"count":1,"href":"https:\/\/www.area-press.eu\/comunicatistampa\/wp-json\/wp\/v2\/posts\/49081\/revisions"}],"predecessor-version":[{"id":49083,"href":"https:\/\/www.area-press.eu\/comunicatistampa\/wp-json\/wp\/v2\/posts\/49081\/revisions\/49083"}],"wp:attachment":[{"href":"https:\/\/www.area-press.eu\/comunicatistampa\/wp-json\/wp\/v2\/media?parent=49081"}],"wp:term":[{"taxonomy":"category","embeddable":true,"href":"https:\/\/www.area-press.eu\/comunicatistampa\/wp-json\/wp\/v2\/categories?post=49081"},{"taxonomy":"post_tag","embeddable":true,"href":"https:\/\/www.area-press.eu\/comunicatistampa\/wp-json\/wp\/v2\/tags?post=49081"}],"curies":[{"name":"wp","href":"https:\/\/api.w.org\/{rel}","templated":true}]}}