{"id":4908,"date":"2016-01-05T16:09:33","date_gmt":"2016-01-05T15:09:33","guid":{"rendered":"http:\/\/www.area-press.eu\/comunicatistampa\/?p=4908"},"modified":"2016-01-05T16:09:33","modified_gmt":"2016-01-05T15:09:33","slug":"marcialonga-over-the-top-un-mese-al-via-della-43a-edizione","status":"publish","type":"post","link":"https:\/\/www.area-press.eu\/comunicatistampa\/2016\/01\/05\/marcialonga-over-the-top-un-mese-al-via-della-43a-edizione\/","title":{"rendered":"MARCIALONGA OVER THE TOP: UN MESE AL VIA DELLA 43\u00aa EDIZIONE"},"content":{"rendered":"<p>Il 31 gennaio torner\u00e0 sulle nevi trentine la Marcialonga di Fiemme e Fassa<\/p>\n<p>Tanti nomi di prestigio ai nastri di partenza dell\u2019edizione che vedr\u00e0 le donne \u00e9lite in testa<\/p>\n<p>Gjerdalen, A. e J. Aukland, Dementiev, Di Centa, Smutna, Steira, Kowalczyk fra i big dell\u2019evento<\/p>\n<p>Competizione Worldloppet, FIS Worldloppet Cup e Visma Ski Classics<\/p>\n<p>&nbsp;<\/p>\n<p>&nbsp;<\/p>\n<p>Alle spalle delle atlete \u00e9lite che, per la prima volta nella storia, partiranno davanti a tutti alla Marcialonga di Fiemme e Fassa del 31 gennaio, ci sar\u00e0 un \u2018agguerrito\u2019 seguito di migliaia di \u2018bisonti\u2019 tra cui si celano i nomi che hanno fatto, stanno facendo e faranno la storia dello sci di fondo.<\/p>\n<p>A cominciare dal folto gruppo di atleti norvegesi, comprendenti il re della scorsa edizione Tord Asle Gjerdalen, detentore di quattro medaglie mondiali (due di queste ottenute in Val di Fiemme), Simen \u00d8stensen vincitore della Marcialonga 2014, i fratelli Anders e J\u00f8rgen Aukland, con il primo vincitore di un oro olimpico a Salt Lake City ed il secondo trionfatore in ben quattro edizioni della Marcialonga, e ancora Eldar R\u00f8nning, autore di un poker di successi ai Mondiali, e \u00d8ystein Pettersen, campione olimpico a Vancouver 2010. Presenti gli svedesi J\u00f6rgen Brink e Oskar Sv\u00e4rd, entrambi protagonisti in ben tre edizioni della Vasaloppet, storica ski-marathon scandinava, Jerry Ahrlin, dominatore per tre volte alla Marcialonga, ed il plurimedagliato Johan Olsson.<\/p>\n<p>E ancora il fondista ceco Luk\u00e1\u0161 Bauer, il \u2018nostro\u2019 Giorgio Di Centa, l\u2019atleta \u2018di casa\u2019 Loris Frasnelli, Stanislav \u0158ez\u00e1\u010d conquistatore della trentaduesima Marcialonga ed il russo Evgenij Dementiev, vincitore di due medaglie ai XX Giochi olimpici invernali di Torino 2006. Presente anche Thomas Bormolini, campione in carica della Combinata Punto3 Craft dello scorso anno, la speciale graduatoria che somma i tempi delle tre competizioni Marcialonga, Skiing del 31 gennaio, Cycling del 12 giugno e Running del 4 settembre.<\/p>\n<p>Fra le fondiste \u00e9lite spiccano le presenze della vincitrice dello scorso gennaio Katerina Smutna, della svizzera Seraina Boner, regina della Marcialonga 2011 e 2013, delle campionesse scandinave Kristin St\u00f8rmer Steira, Britta Johansson Norgren e Sara Lindborg, della giapponese Masako Ishida, oltre alla fenomenale atleta polacca Justyna Kowalczyk che, tra le altre, pu\u00f2 vantare quattro vittorie al Tour de Ski nel proprio palmar\u00e8s. Ci sar\u00e0 spazio anche per i fuoriclasse di altre discipline, come nel caso delle skirolliste Lisa ed Anna Bolzan.<\/p>\n<p>Questi sono solo alcuni fra i numerosi personaggi di spicco impegnati alla Marcialonga, che anche il prossimo anno far\u00e0 parte dei prestigiosi circuiti Worldloppet, FIS Worldloppet Cup e Visma Ski Classics e richiamer\u00e0 sul tragitto tra la Val di Fassa e la Val di Fiemme campioni ed appassionati provenienti da ogni parte del mondo. Per molti di essi non sar\u00e0 la prima volta, poich\u00e9 basta una sola presenza per far rimanere la competizione trentina nel cuore, che ad un mese dal via batter\u00e0 pi\u00f9 forte che mai.<\/p>\n<p>Info: <a href=\"http:\/\/www.marcialonga.it\/\">www.marcialonga.it<\/a><\/p>\n","protected":false},"excerpt":{"rendered":"<p>Il 31 gennaio torner\u00e0 sulle nevi trentine la Marcialonga di Fiemme e Fassa Tanti nomi di prestigio ai nastri di partenza dell\u2019edizione che vedr\u00e0 le donne \u00e9lite in testa Gjerdalen, A. e J. Aukland, Dementiev, Di Centa, Smutna, Steira, Kowalczyk fra i big dell\u2019evento Competizione Worldloppet, FIS Worldloppet Cup e Visma Ski Classics &nbsp; &nbsp; [&hellip;]<\/p>\n","protected":false},"author":15,"featured_media":0,"comment_status":"open","ping_status":"open","sticky":false,"template":"","format":"standard","meta":{"footnotes":""},"categories":[15],"tags":[],"class_list":["post-4908","post","type-post","status-publish","format-standard","hentry","category-sport"],"_links":{"self":[{"href":"https:\/\/www.area-press.eu\/comunicatistampa\/wp-json\/wp\/v2\/posts\/4908","targetHints":{"allow":["GET"]}}],"collection":[{"href":"https:\/\/www.area-press.eu\/comunicatistampa\/wp-json\/wp\/v2\/posts"}],"about":[{"href":"https:\/\/www.area-press.eu\/comunicatistampa\/wp-json\/wp\/v2\/types\/post"}],"author":[{"embeddable":true,"href":"https:\/\/www.area-press.eu\/comunicatistampa\/wp-json\/wp\/v2\/users\/15"}],"replies":[{"embeddable":true,"href":"https:\/\/www.area-press.eu\/comunicatistampa\/wp-json\/wp\/v2\/comments?post=4908"}],"version-history":[{"count":1,"href":"https:\/\/www.area-press.eu\/comunicatistampa\/wp-json\/wp\/v2\/posts\/4908\/revisions"}],"predecessor-version":[{"id":4909,"href":"https:\/\/www.area-press.eu\/comunicatistampa\/wp-json\/wp\/v2\/posts\/4908\/revisions\/4909"}],"wp:attachment":[{"href":"https:\/\/www.area-press.eu\/comunicatistampa\/wp-json\/wp\/v2\/media?parent=4908"}],"wp:term":[{"taxonomy":"category","embeddable":true,"href":"https:\/\/www.area-press.eu\/comunicatistampa\/wp-json\/wp\/v2\/categories?post=4908"},{"taxonomy":"post_tag","embeddable":true,"href":"https:\/\/www.area-press.eu\/comunicatistampa\/wp-json\/wp\/v2\/tags?post=4908"}],"curies":[{"name":"wp","href":"https:\/\/api.w.org\/{rel}","templated":true}]}}