{"id":49073,"date":"2020-04-07T01:14:01","date_gmt":"2020-04-06T23:14:01","guid":{"rendered":"https:\/\/www.area-press.eu\/comunicatistampa\/?p=49073"},"modified":"2020-04-07T01:14:01","modified_gmt":"2020-04-06T23:14:01","slug":"sperimentazione-5g-tra-linkem-e-open-fiber-elisabetta-ripa-nostra-fibra-fondamentale","status":"publish","type":"post","link":"https:\/\/www.area-press.eu\/comunicatistampa\/2020\/04\/07\/sperimentazione-5g-tra-linkem-e-open-fiber-elisabetta-ripa-nostra-fibra-fondamentale\/","title":{"rendered":"Sperimentazione 5G tra Linkem e Open Fiber, Elisabetta Ripa: \u201cNostra fibra fondamentale\u201d"},"content":{"rendered":"<p><em><strong>Nelle ultime settimane \u00e8 ancora pi\u00f9 evidente l&#8217;importanza di una rete internet veloce, stabile e soprattutto diffusa capillarmente: Open Fiber e Linkem, societ\u00e0 guidate rispettivamente da <a title=\"Elisabetta Ripa: accordo open fiber - linkem\" href=\"https:\/\/www.firstonline.info\/linkem-con-open-fiber-e-infratel-per-sperimentare-il-5g-fwa\/\">Elisabetta Ripa<\/a> e Davide Rota, lavoreranno insieme per l&#8217;espansione dello standard 5G applicato alle tecnologie Fixed Wireless Access.<\/strong><\/em><\/p>\n<p><a title=\"Elisabetta Ripa - espansione standard 5g \" href=\"https:\/\/www.firstonline.info\/linkem-con-open-fiber-e-infratel-per-sperimentare-il-5g-fwa\/\"><img decoding=\"async\" src=\"https:\/\/upload.wikimedia.org\/wikipedia\/commons\/4\/44\/Elisabetta_Ripa.jpg\" alt=\"Elisabetta Ripa\" width=\"120\" \/><\/a><\/p>\n<h2>Elisabetta Ripa: &#8220;Con fibra e 5G anche le zone pi\u00f9 isolate potranno ottenere enormi vantaggi&#8221;<\/h2>\n<p><em>&#8220;Siamo sicuri che la collaborazione con Linkem, operatore che si \u00e8 distinto da sempre per la sua capacit\u00e0 di innovazione, sar\u00e0 di reciproca soddisfazione e aprir\u00e0 la strada a nuove opportunit\u00e0 per il nostro mercato&#8221;<\/em>: con queste parole <strong>Elisabetta Ripa<\/strong>, Amministratore Delegato di Open Fiber, ha commentato il recente accordo con Linkem, societ\u00e0 di telecomunicazioni specializzata nella tecnologia Fixed Wireless Access. Le due aziende italiane collaboreranno per un progetto innovativo sulla FWA nella banda di frequenze 3,5 Ghz, riconosciuta come pioniera per lo standard 5G. Open Fiber metter\u00e0 a disposizione tutti i servizi di rilegamento in fibra ottica in modo tale da rendere possibile una connessione compatibile tra antenne e core network di Linkem, assegnataria della banda dal 2008: in questo modo, l&#8217;utente finale potr\u00e0 sfruttare senza problemi tutti i vantaggi del 5G, in primis la velocit\u00e0, che pu\u00f2 arrivare a 1,056 Gbit\/s. L&#8217;accordo prevede inoltre la sperimentazione nelle zone che pi\u00f9 soffrono il digital divide, ossia paesi e comuni isolati e a bassa densit\u00e0 di popolazione, permettendo quindi la diffusione di servizi dedicati per cittadini, imprese e PA: <em>&#8220;La nostra rete in fibra \u00e8 fondamentale per supportare lo sviluppo dei servizi Fwa e 5G &#8211;<\/em> ha dichiarato <strong>Elisabetta Ripa<\/strong> &#8211; ed \u00e8 un asset <em>fondamentale per l&#8217;abilitazione di tutte le applicazioni innovative, come la telemedicina, il telelavoro o la guida assistita, che possano aver bisogno di integrare anche la mobilit\u00e0 e la pervasivit\u00e0 oltre alla larghezza di banda e alla bassa latenza&#8221;<\/em>.<\/p>\n<h2>Elisabetta Ripa, manager nel settore TLC<\/h2>\n<p>Torinese, classe 1965, <strong><a title=\"Elisebetta Ripa commenta accordo open fiber con linkem\" href=\"https:\/\/www.firstonline.info\/linkem-con-open-fiber-e-infratel-per-sperimentare-il-5g-fwa\/\">Elisabetta Ripa<\/a><\/strong>, oltre ad essere Amministratore Delegato e Direttore Generale di Open Fiber, \u00e8 Consigliere di Amministrazione di Autogrill S.p.A., per la quale \u00e8 anche Membro del Comitato Strategie; fa parte inoltre del Consiglio di Presidenza di Asstel, l&#8217;associazione che rappresenta il comparto TLC per Confindustria. Dopo essersi laureata in Economia e Commercio alla Sapienza, completa la sua formazione in Francia, dove ottiene il Master in Gestione Operativa presso l&#8217;Institut Europ\u00e9en d&#8217;Administration des Affaires (INSEAD). La sua prima esperienza la vede presso l&#8217;agenzia pubblicitaria PromoMedia Italia. Nel 1990 entra in SIP come Responsabile della pianificazione strategica per i servizi mobili, mentre dal 1998 si occupa della gestione e dello sviluppo internazionale della neonata TIM: responsabile del marketing strategico nel 2005, dopo circa sei anni \u00e8 alla guida della Divisione Servizi Mobili per il segmento Consumer. Dal 2013 al 2015 \u00e8 Amministratore Delegato per la controllata Sparkle, mentre fino al 2016 \u00e8 in Sudamerica come AD per il Gruppo Telecom Argentina. Nominata Consigliere di Amministrazione di Open Fiber, <strong>Elisabetta Ripa<\/strong> torna in Italia per occuparsi della realizzazione della rete in fibra ottica: nel 2018 diventa Amministratore Delegato.<\/p>\n","protected":false},"excerpt":{"rendered":"<p>Nelle ultime settimane \u00e8 ancora pi\u00f9 evidente l&#8217;importanza di una rete internet veloce, stabile e soprattutto diffusa capillarmente: Open Fiber e Linkem, societ\u00e0 guidate rispettivamente da Elisabetta Ripa e Davide Rota, lavoreranno insieme per l&#8217;espansione dello standard 5G applicato alle tecnologie Fixed Wireless Access. Elisabetta Ripa: &#8220;Con fibra e 5G anche le zone pi\u00f9 isolate [&hellip;]<\/p>\n","protected":false},"author":6285,"featured_media":0,"comment_status":"open","ping_status":"open","sticky":false,"template":"","format":"standard","meta":{"footnotes":""},"categories":[5,29],"tags":[26904,26905],"class_list":["post-49073","post","type-post","status-publish","format-standard","hentry","category-aziendali","category-comunicati","tag-elisabetta-ripa","tag-open-fiber"],"_links":{"self":[{"href":"https:\/\/www.area-press.eu\/comunicatistampa\/wp-json\/wp\/v2\/posts\/49073","targetHints":{"allow":["GET"]}}],"collection":[{"href":"https:\/\/www.area-press.eu\/comunicatistampa\/wp-json\/wp\/v2\/posts"}],"about":[{"href":"https:\/\/www.area-press.eu\/comunicatistampa\/wp-json\/wp\/v2\/types\/post"}],"author":[{"embeddable":true,"href":"https:\/\/www.area-press.eu\/comunicatistampa\/wp-json\/wp\/v2\/users\/6285"}],"replies":[{"embeddable":true,"href":"https:\/\/www.area-press.eu\/comunicatistampa\/wp-json\/wp\/v2\/comments?post=49073"}],"version-history":[{"count":2,"href":"https:\/\/www.area-press.eu\/comunicatistampa\/wp-json\/wp\/v2\/posts\/49073\/revisions"}],"predecessor-version":[{"id":49075,"href":"https:\/\/www.area-press.eu\/comunicatistampa\/wp-json\/wp\/v2\/posts\/49073\/revisions\/49075"}],"wp:attachment":[{"href":"https:\/\/www.area-press.eu\/comunicatistampa\/wp-json\/wp\/v2\/media?parent=49073"}],"wp:term":[{"taxonomy":"category","embeddable":true,"href":"https:\/\/www.area-press.eu\/comunicatistampa\/wp-json\/wp\/v2\/categories?post=49073"},{"taxonomy":"post_tag","embeddable":true,"href":"https:\/\/www.area-press.eu\/comunicatistampa\/wp-json\/wp\/v2\/tags?post=49073"}],"curies":[{"name":"wp","href":"https:\/\/api.w.org\/{rel}","templated":true}]}}