{"id":49011,"date":"2020-04-03T12:26:58","date_gmt":"2020-04-03T10:26:58","guid":{"rendered":"https:\/\/www.area-press.eu\/comunicatistampa\/?p=49011"},"modified":"2020-04-03T12:26:58","modified_gmt":"2020-04-03T10:26:58","slug":"coronavirus-carissimo-governo-il-lavoro-e-sacro-per-tutti-lintervista-e-dichiarazione-di-un-hair-stylist-erno-rossi","status":"publish","type":"post","link":"https:\/\/www.area-press.eu\/comunicatistampa\/2020\/04\/03\/coronavirus-carissimo-governo-il-lavoro-e-sacro-per-tutti-lintervista-e-dichiarazione-di-un-hair-stylist-erno-rossi\/","title":{"rendered":"CORONAVIRUS &#8230; CARISSIMO GOVERNO  &#8230;IL LAVORO \u00c8 SACRO PER TUTTI&#8230; L&#8217;INTERVISTA E DICHIARAZIONE DI UN Hair Stylist ERNO ROSSI"},"content":{"rendered":"<p>&nbsp;<\/p>\n<div class=\"mr_social_sharing_wrapper\"><\/div>\n<p><strong><img loading=\"lazy\" decoding=\"async\" class=\"size-medium wp-image-2699 alignleft\" src=\"https:\/\/blog.libero.it\/wp\/romanewsgossipvip\/wp-content\/uploads\/sites\/11071\/2020\/04\/WhatsApp-Image-2020-04-03-at-11.06.40-186x300.jpeg\" alt=\"WhatsApp Image 2020-04-03 at 11.06.40\" width=\"186\" height=\"300\" \/><a href=\"https:\/\/www.facebook.com\/ModErnoHairStylist\/\">Erno rossi<\/a><\/strong>\u00a0:<\/p>\n<p>\u201cNon \u00e8 nel mio modo di essere fare polemiche, figuriamoci poi in questo momento storico, dove ognuno di noi vive con la paura di un virus e l\u2019ansia di come sar\u00e0 il futuro\u2026rispetto le regole come tutti, dicono state in casa e \u201candr\u00e0 tutto bene\u201d voglio crederci, ci credo, nonostante la paura come a tutti noi mi attanaglia\u2026cerco di non perdere la speranza, si inizia a parlare di riaperture, dai piano piano si ricomincia, si prova a pensare ad un futuro, ad una parvenza di normalit\u00e0, ma lo sappiamo nulla sar\u00e0 pi\u00f9 come prima, ma va bene cos\u00ec, posso organizzare il mio lavoro in maniera di tutelare le mie clienti, lo staff e me stesso, ma poi all&#8217;improvviso tutto ti crolla intorno, sono un Parrucchiere, e la mia categoria sar\u00e0 una delle ultime ad aprire\u2026ok non siamo un bene primario e l\u2019economia del paese sicuramente non ricomincia a muoversi attraverso noi, per\u00f2 poi pensi? ma io i miei colleghi cosa abbiamo di diverso dai Parrucchieri \u201ceroi\u201d che lavorano dietro le quinte dei programmi TELEVISIVI? e allora li inizi a farti mille domande, ma \u201cstate in casa e andr\u00e0 tutto bene\u201d per chi vale?<img loading=\"lazy\" decoding=\"async\" class=\"size-medium wp-image-2701 alignright\" src=\"https:\/\/blog.libero.it\/wp\/romanewsgossipvip\/wp-content\/uploads\/sites\/11071\/2020\/04\/89341062_1364191633784653_2153226165303640064_n-300x111.jpg\" alt=\"89341062_1364191633784653_2153226165303640064_n\" width=\"300\" height=\"111\" \/><\/p>\n<p>&nbsp;<\/p>\n<p>La legge signori \u00e8 uguale per tutti, le distanze di sicurezza come le mantengono loro per fare in modo che le signore che vediamo in uno schermo appaiono ai nostri occhi sempre al top, le posso mantenere anche io nel mio negozio, anche le mie clienti, le donne di tutto mondo hanno il diritto di sentirsi curate come loro\u2026ma stiamo scherzando? il diritto al lavoro \u00e8 sacro, siamo in un momento difficile, c\u2019\u00e8 una pandemia il mondo intero \u00e8 in ginocchio, tutti dobbiamo fare la nostra parte, nonostante \u00e8 difficile perch\u00e9 se non lavori non puoi far fronte a bollette, affitto, tasse, scadenze varie, ma non puoi fare diversamente e allora ti scopri fornaio, pasticciere\u2026e ci provi a pensare al futuro ad organizzarti mentalmente, ma poi quando vedi che non \u00e8 per tutti uguale allora no, signori non l\u2019accetto\u2026i Parrucchieri che lavorano per le \u201csignore della tv\u201d sono al mio stesso pari al pari di tutti i miei colleghi\u2026manteniamo le distanze di sicurezza, organizziamo il lavoro diversamente, hai un negozio di 50 mq? un tot di persone? 70 mq una in pi\u00f9\u2026ecc\u2026ecc\u2026mascherina, guanti, negozi sanificati ecc\u2026ecc\u2026ma lavoriamo tutti\u2026non deve esserci discriminazione nel modo pi\u00f9 assoluto\u2026non \u00e8 polemica \u00e8 realt\u00e0\u2026<\/p>\n<p><strong>PS: \u201cgli Eroi\u201d sono altri, sono in Corsia, sono sulla strada a distribuire cibo, sono i Medici di famiglia, sono i Volontari, le forze dell\u2019ordine\u2026loro si che sono Eroi\u2026<img loading=\"lazy\" decoding=\"async\" class=\"size-medium wp-image-2695 alignright\" src=\"https:\/\/blog.libero.it\/wp\/romanewsgossipvip\/wp-content\/uploads\/sites\/11071\/2020\/03\/43612929_995906120613208_130070726622314496_o-277x300.jpg\" alt=\"43612929_995906120613208_130070726622314496_o\" width=\"277\" height=\"300\" \/><\/strong><\/p>\n","protected":false},"excerpt":{"rendered":"<p>&nbsp; Erno rossi\u00a0: \u201cNon \u00e8 nel mio modo di essere fare polemiche, figuriamoci poi in questo momento storico, dove ognuno di noi vive con la paura di un virus e l\u2019ansia di come sar\u00e0 il futuro\u2026rispetto le regole come tutti, dicono state in casa e \u201candr\u00e0 tutto bene\u201d voglio crederci, ci credo, nonostante la paura [&hellip;]<\/p>\n","protected":false},"author":4128,"featured_media":0,"comment_status":"open","ping_status":"open","sticky":false,"template":"","format":"standard","meta":{"footnotes":""},"categories":[4,5],"tags":[809,12009,772,107],"class_list":["post-49011","post","type-post","status-publish","format-standard","hentry","category-attualita-e-societa","category-aziendali","tag-design","tag-erno-rossi","tag-made-in-italy","tag-radio-roma"],"_links":{"self":[{"href":"https:\/\/www.area-press.eu\/comunicatistampa\/wp-json\/wp\/v2\/posts\/49011","targetHints":{"allow":["GET"]}}],"collection":[{"href":"https:\/\/www.area-press.eu\/comunicatistampa\/wp-json\/wp\/v2\/posts"}],"about":[{"href":"https:\/\/www.area-press.eu\/comunicatistampa\/wp-json\/wp\/v2\/types\/post"}],"author":[{"embeddable":true,"href":"https:\/\/www.area-press.eu\/comunicatistampa\/wp-json\/wp\/v2\/users\/4128"}],"replies":[{"embeddable":true,"href":"https:\/\/www.area-press.eu\/comunicatistampa\/wp-json\/wp\/v2\/comments?post=49011"}],"version-history":[{"count":1,"href":"https:\/\/www.area-press.eu\/comunicatistampa\/wp-json\/wp\/v2\/posts\/49011\/revisions"}],"predecessor-version":[{"id":49012,"href":"https:\/\/www.area-press.eu\/comunicatistampa\/wp-json\/wp\/v2\/posts\/49011\/revisions\/49012"}],"wp:attachment":[{"href":"https:\/\/www.area-press.eu\/comunicatistampa\/wp-json\/wp\/v2\/media?parent=49011"}],"wp:term":[{"taxonomy":"category","embeddable":true,"href":"https:\/\/www.area-press.eu\/comunicatistampa\/wp-json\/wp\/v2\/categories?post=49011"},{"taxonomy":"post_tag","embeddable":true,"href":"https:\/\/www.area-press.eu\/comunicatistampa\/wp-json\/wp\/v2\/tags?post=49011"}],"curies":[{"name":"wp","href":"https:\/\/api.w.org\/{rel}","templated":true}]}}