{"id":48796,"date":"2020-03-29T12:39:56","date_gmt":"2020-03-29T10:39:56","guid":{"rendered":"https:\/\/www.area-press.eu\/comunicatistampa\/?p=48796"},"modified":"2020-03-29T12:39:56","modified_gmt":"2020-03-29T10:39:56","slug":"fabrizio-palermo-riunione-cdp-sace-e-simest-per-piano-straordinario-2020-per-il-made-in-italy","status":"publish","type":"post","link":"https:\/\/www.area-press.eu\/comunicatistampa\/2020\/03\/29\/fabrizio-palermo-riunione-cdp-sace-e-simest-per-piano-straordinario-2020-per-il-made-in-italy\/","title":{"rendered":"Fabrizio Palermo: riunione Cdp, Sace e Simest per piano straordinario 2020 per il Made in Italy"},"content":{"rendered":"<p><em><strong>Un focus importante da parte di Cdp \u00e8 stato gi\u00e0 messo in atto per supportare le imprese, soprattutto per quanto riguarda export e internazionalizzazione: l&#8217;ha confermato l&#8217;AD <a title=\"Fabrizio Palermo, impegno Cdp contro Coronavirus\" href=\"https:\/\/www.askanews.it\/economia\/2020\/03\/03\/cdp-palermo-forte-impegno-per-imprese-misure-per-coronavirus-pn_20200303_00333\/\">Fabrizio Palermo<\/a> durante la riunione con i vertici Sace e Simest in occasione della presentazione del piano straordinario 2020 per il Made in Italy.<\/strong> <\/em><\/p>\n<p><a title=\"Fabrizio Palermo conferma impegno cdp contro coronavirus\" href=\"https:\/\/www.askanews.it\/economia\/2020\/03\/03\/cdp-palermo-forte-impegno-per-imprese-misure-per-coronavirus-pn_20200303_00333\/\"><img loading=\"lazy\" decoding=\"async\" src=\"http:\/\/www.h2biz.net\/images\/Plats\/crop_min_20190524104517.jpg\" alt=\"Fabrizio Palermo\" width=\"120\" height=\"120\" \/><\/a><\/p>\n<h2>Fabrizio Palermo: il piano straordinario 2020 per il Made in Italy<\/h2>\n<p><strong>Fabrizio Palermo<\/strong>, Amministratore Delegato di Cdp, ha partecipato alla riunione con i vertici di Sace, Simest e Cdp Venture Capital per la presentazione del piano straordinario 2020 per il Made in Italy. L&#8217;AD ha sottolineato le misure gi\u00e0 in parte messe in atto dal Gruppo per far fronte all&#8217;emergenza coronavirus, che prevedono un miliardo di euro a favore delle imprese, il differimento delle rate dei mutui delle pubbliche amministrazioni, oltre a interventi di moratoria presto introdotti da Sace e Simest. Cdp \u00e8 <em>&#8220;fortemente focalizzata&#8221;<\/em> sul supporto alle imprese, soprattutto sui temi dell&#8217;export e dell&#8217;internazionalizzazione, ha dichiarato <strong>Fabrizio Palermo<\/strong>. Cdp \u00e8 pronta ad erogare risorse per un miliardo a favore delle aziende, oltre al differimento delle rate dei mutui delle PA nelle zone maggiormente interessate dall&#8217;emergenza. Si prevede l&#8217;attuazione di ulteriori garanzie a favore di acquirenti esteri per favorire l&#8217;export.<\/p>\n<h2>Fabrizio Palermo: tutte le iniziative a sostegno delle imprese<\/h2>\n<p><strong><a title=\"Fabrizio Palermo, focus cdp contro coronavirus\" href=\"https:\/\/www.askanews.it\/economia\/2020\/03\/03\/cdp-palermo-forte-impegno-per-imprese-misure-per-coronavirus-pn_20200303_00333\/\">Fabrizio Palermo<\/a><\/strong> \u00e8 impegnato in prima persona su tutte le linee di intervento che possono rivelarsi utili o necessarie per sostenere le imprese. Tra queste, rientra il sostegno all&#8217;innovazione attraverso il lancio del Fondo nazionale innovazione. Si prevede, inoltre, di supportare la crescita con il lancio dell&#8217;Export Basket Bond da 500 milioni, le iniziative di formazione all&#8217;export per le aziende, l&#8217;avvio di un portale unico che spieghi alle imprese i vari strumenti a loro disposizione. Per le aziende con accordi di filiera nei settori aerospazio, agroalimentare, difesa e ingegneria, l&#8217;acceso al credito sar\u00e0 facilitato. <strong>Fabrizio Palermo<\/strong> ha ricordato che il Gruppo Cdp \u00e8 gi\u00e0 di per s\u00e9 fortemente focalizzato sul supporto all&#8217;export e all&#8217;internazionalizzazione delle aziende: questi infatti rappresentano <em>&#8220;una leva di sviluppo importante per il Paese&#8221;<\/em>. Alle Pmi e alle Mid-Cap \u00e8 dunque fondamentale fornire tutto il supporto possibile. L&#8217;AD ha concluso ringraziando il Governo per il rifinanziamento del fondo 394, gestito dalla controllata Simest e dedicato all&#8217;internazionalizzazione delle Pmi.<\/p>\n","protected":false},"excerpt":{"rendered":"<p>Un focus importante da parte di Cdp \u00e8 stato gi\u00e0 messo in atto per supportare le imprese, soprattutto per quanto riguarda export e internazionalizzazione: l&#8217;ha confermato l&#8217;AD Fabrizio Palermo durante la riunione con i vertici Sace e Simest in occasione della presentazione del piano straordinario 2020 per il Made in Italy. Fabrizio Palermo: il piano [&hellip;]<\/p>\n","protected":false},"author":5985,"featured_media":0,"comment_status":"open","ping_status":"open","sticky":false,"template":"","format":"standard","meta":{"footnotes":""},"categories":[5,29],"tags":[25027],"class_list":["post-48796","post","type-post","status-publish","format-standard","hentry","category-aziendali","category-comunicati","tag-fabrizio-palermo"],"_links":{"self":[{"href":"https:\/\/www.area-press.eu\/comunicatistampa\/wp-json\/wp\/v2\/posts\/48796","targetHints":{"allow":["GET"]}}],"collection":[{"href":"https:\/\/www.area-press.eu\/comunicatistampa\/wp-json\/wp\/v2\/posts"}],"about":[{"href":"https:\/\/www.area-press.eu\/comunicatistampa\/wp-json\/wp\/v2\/types\/post"}],"author":[{"embeddable":true,"href":"https:\/\/www.area-press.eu\/comunicatistampa\/wp-json\/wp\/v2\/users\/5985"}],"replies":[{"embeddable":true,"href":"https:\/\/www.area-press.eu\/comunicatistampa\/wp-json\/wp\/v2\/comments?post=48796"}],"version-history":[{"count":2,"href":"https:\/\/www.area-press.eu\/comunicatistampa\/wp-json\/wp\/v2\/posts\/48796\/revisions"}],"predecessor-version":[{"id":48798,"href":"https:\/\/www.area-press.eu\/comunicatistampa\/wp-json\/wp\/v2\/posts\/48796\/revisions\/48798"}],"wp:attachment":[{"href":"https:\/\/www.area-press.eu\/comunicatistampa\/wp-json\/wp\/v2\/media?parent=48796"}],"wp:term":[{"taxonomy":"category","embeddable":true,"href":"https:\/\/www.area-press.eu\/comunicatistampa\/wp-json\/wp\/v2\/categories?post=48796"},{"taxonomy":"post_tag","embeddable":true,"href":"https:\/\/www.area-press.eu\/comunicatistampa\/wp-json\/wp\/v2\/tags?post=48796"}],"curies":[{"name":"wp","href":"https:\/\/api.w.org\/{rel}","templated":true}]}}