{"id":48409,"date":"2020-03-16T22:46:14","date_gmt":"2020-03-16T21:46:14","guid":{"rendered":"https:\/\/www.area-press.eu\/comunicatistampa\/?p=48409"},"modified":"2020-08-09T23:35:26","modified_gmt":"2020-08-09T21:35:26","slug":"jambow-jane-sicurezza-e-il-nuovo-singolo-della-band-pop-rock-composta-da-una-famiglia-italo-brasiliana","status":"publish","type":"post","link":"https:\/\/www.area-press.eu\/comunicatistampa\/2020\/03\/16\/jambow-jane-sicurezza-e-il-nuovo-singolo-della-band-pop-rock-composta-da-una-famiglia-italo-brasiliana\/","title":{"rendered":"Jambow Jane \u201cSicurezza\u201d \u00e8 il nuovo singolo della band pop-rock composta da una famiglia italo-brasiliana"},"content":{"rendered":"<p style=\"text-align: center\"><i><span style=\"font-weight: 400\">Il concetto di sicurezza e protezione viene raccontato dal nucleo familiare che ha fatto della musica il collante cardine della propria unione.<\/span><\/i><\/p>\n<p><img loading=\"lazy\" decoding=\"async\" class=\"alignnone size-medium aligncenter\" src=\"https:\/\/www.earone.it\/newsimages\/jambow-jane-sicurezza.jpg___th_320_0.jpg\" width=\"320\" height=\"319\" \/><\/p>\n<p><b>\u201cSicurezza\u201d<\/b><span style=\"font-weight: 400\"> \u00e8 un brano che fa sua l\u2019ambiguit\u00e0 di un concetto a volte illusorio:<\/span><\/p>\n<p><i><span style=\"font-weight: 400\">\u00abTutti noi cerchiamo sicurezza \u2013 raccontano<\/span><\/i><span style=\"font-weight: 400\"> i <\/span><b>Jambow Jane<\/b><i><span style=\"font-weight: 400\"> \u2013 dai nostri rapporti personali a quelli con il mondo esterno. Abbiamo bisogno di sentire conforto ed avere delle approvazioni dai nostri cari o dal sistema, che ci pu\u00f2 fornire, o meno, questa tanto desiderata sicurezza o l\u2019illusione della stessa. Ci\u00f2 che \u00e8 palese \u00e8 che, nonostante le tecnologie e le conoscenze continuino ad avanzare, il nostro senso di insicurezza e timore sembra essere sempre pi\u00f9 consistente. Arriviamo ad un punto in cui <\/span><\/i><span style=\"font-weight: 400\">non sappiamo<\/span><i><span style=\"font-weight: 400\"> nemmeno noi se questa benedetta sicurezza esista oppure no. \u00c8 questo il succo del brano\u00bb.\u00a0<\/span><\/i><\/p>\n<p><span style=\"font-weight: 400\">Per la registrazione di questo pezzo, i Jambow Jane hanno deciso di affidarsi allo studio \u201cSotto il Mare\u201d di Verona, che ha gi\u00e0 visto la presenza di artisti famosi del calibro di Elisa e, pi\u00f9 recentemente, del cantante britannico Lewis Capaldi, noto per il brano \u201cSomeone you loved\u201d.\u00a0\u00a0<\/span><\/p>\n<p><span style=\"font-weight: 400\">Fra gli artisti che hanno collaborato artisticamente con la band ricordiamo i nomi di <\/span><b>Roberto Zantedeschi alla tromba e Stefano Menato<\/b><span style=\"font-weight: 400\">, che ha registrato le parti di <\/span><b>sassofono<\/b><span style=\"font-weight: 400\"> e che ha di recente partecipato al Festival di Sanremo 2020 in accompagnamento a Raphael Gualazzi con il brano \u201cCarioca\u201d.\u00a0<\/span><\/p>\n<p><span style=\"font-weight: 400\">Il gruppo musicale dei Jambow Jane \u00e8 anche <\/span><b>una famiglia<\/b><span style=\"font-weight: 400\"> e si compone di due <\/span><b>genitori (Flavio e Marly), tre fratelli (Bea, Julio, Marcelo) ed un amico che ormai si pu\u00f2 considerare un fratello (Nick).\u00a0<\/b><\/p>\n<p><span style=\"font-weight: 400\">Essendo tutti cresciuti in un contesto musicale, l\u2019avvicinamento al canto e agli strumenti \u00e8 stata una conseguenza logica dello stile di vita di ognuno.\u00a0 Quello che all\u2019inizio era semplicemente un passatempo in famiglia, con gli anni si \u00e8 trasformato in un progetto vero e proprio che si \u00e8 materializzato, nel <\/span><b>2016<\/b><span style=\"font-weight: 400\">, con la formazione attuale.\u00a0<\/span><\/p>\n<p><span style=\"font-weight: 400\">Vista la differenza di et\u00e0 e di esperienze di ognuno, il sound dei Jambow Jane viene inevitabilmente contaminato da <\/span><b>varie influenze stilistiche e di genere musicale<\/b><span style=\"font-weight: 400\">. \u00c8 proprio per questo che la band non si incastra in una categoria sola quando si parla del modo di far musica. Suonare per i Jambow Jane significa esprimere le proprie peculiarit\u00e0 e caratteristiche, unendole alle altre e rendendole armoniche nel loro intero. L\u2019eterogeneit\u00e0, infatti, \u00e8 un tema molto caro alla band come dimostra anche il loro album pubblicato nel 2017 \u201cWorlds and Bridges\u201d in cui si ambisce a unire mondi diversi attraverso ponti.<\/span><\/p>\n<p><span style=\"font-weight: 400\">\u00a0<\/span><\/p>\n<p><b>Radio date: 6 marzo 2020<\/b><\/p>\n<p><b>Etichetta: Jambow Jane<\/b><\/p>\n<p><span style=\"font-weight: 400\">\u00a0<\/span><\/p>\n<p><b>BIO<\/b><span style=\"font-weight: 400\">\u00a0<\/span><\/p>\n<p><span style=\"font-weight: 400\">I<\/span><b> Jambow Jane<\/b><span style=\"font-weight: 400\"> sono un gruppo composto da una <\/span><b>famiglia italo-brasiliana di 5 persone + 1 amico<\/b><span style=\"font-weight: 400\">.<\/span><\/p>\n<p><span style=\"font-weight: 400\">Con pi\u00f9\u0300 di 200 concerti in svariate localit\u00e0, la band vanta di essere stata nominata <\/span><b>\u201cbest Italian blues band\u201d<\/b><span style=\"font-weight: 400\"> nel 2018, nonostante il &#8220;blues&#8221; non sia il genere principale della band. Da questa vittoria, tuttavia, ne e\u0300 conseguita l&#8217;esibizione in <\/span><b>apertura al concerto di Steve Hackett,<\/b><span style=\"font-weight: 400\"> in occasione del <\/span><b>Pistoia Blues Festival 2018.<\/b><span style=\"font-weight: 400\">\u00a0<\/span><\/p>\n<p><span style=\"font-weight: 400\">Nel 2019 la band si esibisce anche durante il prestigioso <\/span><b>Musica Riva Festival,<\/b><span style=\"font-weight: 400\"> che accoglie ogni anno artisti illustri da ogni parte del globo. Oltre a ci\u00f2, la band ha intrapreso alcune tournee, sia sul suolo europeo, in particolare Germania e Olanda, sia sul continente Sudamericano, in particolare in Brasile. Durante quest\u2019ultima, i Jambow Jane hanno condiviso il palco con un famoso cantautore degli anni \u201870, <\/span><b>Walter Franco<\/b><span style=\"font-weight: 400\">, purtroppo deceduto qualche mese fa.\u00a0<\/span><\/p>\n<p><span style=\"font-weight: 400\">Infine, la band ha esperienza con situazioni di concerti privati, a cui hanno partecipato pi\u00f9 volte. Piu\u0300 recentemente, sono stati incaricati di intrattenere la serata in occasione del Capodanno 2020, riscuotendo particolare successo.\u00a0\u00a0<\/span><\/p>\n<p><b>La band spazia da un repertorio acustico ad uno rock.<\/b><span style=\"font-weight: 400\"> Il genere con cui si esprimono maggiormente e\u0300 il pop-rock, ma i Jambow Jane hanno esperienze multiple con diversi generi musicali, nonostante puntino maggiormente sulle esperienze di stampo pop-rock o puramente incentrate sul loro repertorio.\u00a0<\/span><\/p>\n<p><span style=\"font-weight: 400\">Il grande punto di forza della band sta proprio nei live. I concerti Jambow Jane sono caratterizzati da una forte componente emotiva e di pura energia, garantendo la creazione di un ambiente di interazione con il pubblico. Lo spirito e\u0300 quello della magia della musica live, che puntualmente regala al pubblico inaspettate e sorprendenti improvvisazioni. Ovunque la band sia gi\u00e0 passata, il pubblico ha saputo cogliere quest\u2019energia e trasformarla in momenti indimenticabili.\u00a0<\/span><\/p>\n<p><span style=\"font-weight: 400\">I Jambow Jane si esibiscono, con l\u2019attuale formazione, dal 2016. Hanno all\u2019attivo due album ed un singolo ed attualmente stanno lavorando per l\u2019uscita di nuovo materiale.\u00a0\u00a0<\/span><\/p>\n<p><b>I Jambow Jane sono:<\/b><\/p>\n<p><span style=\"font-weight: 400\">&#8211; Marly Kerpe (tastiere)<\/span><\/p>\n<p><span style=\"font-weight: 400\">&#8211; Flavio Prada (chitarra e voce)<\/span><\/p>\n<p><span style=\"font-weight: 400\">&#8211; Beatriz Oliveira Prada (voci e percussioni)\u00a0<\/span><\/p>\n<p><span style=\"font-weight: 400\">&#8211; Julio Oliveira Prada (chitarra solista)<\/span><\/p>\n<p><span style=\"font-weight: 400\">&#8211; Nick Petricci (batteria\/percussioni e altro)<\/span><\/p>\n<p><span style=\"font-weight: 400\">&#8211; Marcelo Oliveira Prada (basso e voce)\u00a0<\/span><\/p>\n<p><span style=\"font-weight: 400\">\u00a0<\/span><\/p>\n<p><b>La band canta in 3 lingue: inglese, portoghese ed italiano.\u00a0<\/b><\/p>\n<p><span style=\"font-weight: 400\">\u00a0<\/span><\/p>\n<p><b>Contatti e social<\/b><\/p>\n<p><b>Sito:<\/b><a href=\"http:\/\/www.jambowjane.com\"> <b>www.jambowjane.com<\/b><\/a><\/p>\n<p><b>Facebook:<\/b><a href=\"http:\/\/www.facebook.com\/jambowjane\"> <b>www.facebook.com\/jambowjane<\/b><\/a><\/p>\n<p><b>Instagram:<\/b><a href=\"http:\/\/www.instagram.com\/jambowjane\/\"> <b>www.instagram.com\/jambowjane\/<\/b><\/a><\/p>\n<p><b>Youtube:<\/b> <b>www.youtube.com\/user\/jambowjane<\/b><\/p>\n<p><b>Spotify:<\/b> <b>https:\/\/open.spotify.com\/artist\/0WJKyQ9zh1Afp8IlNVwhTD<\/b><\/p>\n","protected":false},"excerpt":{"rendered":"<p>Il concetto di sicurezza e protezione viene raccontato dal nucleo familiare che ha fatto della musica il collante cardine della propria unione. \u201cSicurezza\u201d \u00e8 un brano che fa sua l\u2019ambiguit\u00e0 di un concetto a volte illusorio: \u00abTutti noi cerchiamo sicurezza \u2013 raccontano i Jambow Jane \u2013 dai nostri rapporti personali a quelli con il mondo [&hellip;]<\/p>\n","protected":false},"author":4383,"featured_media":0,"comment_status":"open","ping_status":"open","sticky":false,"template":"","format":"standard","meta":{"footnotes":""},"categories":[12],"tags":[26658,690,15373],"class_list":["post-48409","post","type-post","status-publish","format-standard","hentry","category-musica","tag-jambow-jane","tag-nuovo-singolo","tag-pop-rock"],"_links":{"self":[{"href":"https:\/\/www.area-press.eu\/comunicatistampa\/wp-json\/wp\/v2\/posts\/48409","targetHints":{"allow":["GET"]}}],"collection":[{"href":"https:\/\/www.area-press.eu\/comunicatistampa\/wp-json\/wp\/v2\/posts"}],"about":[{"href":"https:\/\/www.area-press.eu\/comunicatistampa\/wp-json\/wp\/v2\/types\/post"}],"author":[{"embeddable":true,"href":"https:\/\/www.area-press.eu\/comunicatistampa\/wp-json\/wp\/v2\/users\/4383"}],"replies":[{"embeddable":true,"href":"https:\/\/www.area-press.eu\/comunicatistampa\/wp-json\/wp\/v2\/comments?post=48409"}],"version-history":[{"count":1,"href":"https:\/\/www.area-press.eu\/comunicatistampa\/wp-json\/wp\/v2\/posts\/48409\/revisions"}],"predecessor-version":[{"id":48410,"href":"https:\/\/www.area-press.eu\/comunicatistampa\/wp-json\/wp\/v2\/posts\/48409\/revisions\/48410"}],"wp:attachment":[{"href":"https:\/\/www.area-press.eu\/comunicatistampa\/wp-json\/wp\/v2\/media?parent=48409"}],"wp:term":[{"taxonomy":"category","embeddable":true,"href":"https:\/\/www.area-press.eu\/comunicatistampa\/wp-json\/wp\/v2\/categories?post=48409"},{"taxonomy":"post_tag","embeddable":true,"href":"https:\/\/www.area-press.eu\/comunicatistampa\/wp-json\/wp\/v2\/tags?post=48409"}],"curies":[{"name":"wp","href":"https:\/\/api.w.org\/{rel}","templated":true}]}}