{"id":48327,"date":"2020-03-12T04:05:59","date_gmt":"2020-03-12T03:05:59","guid":{"rendered":"https:\/\/www.area-press.eu\/comunicatistampa\/?p=48327"},"modified":"2020-03-12T04:05:59","modified_gmt":"2020-03-12T03:05:59","slug":"businessperson-of-the-year-il-riconoscimento-di-fortune-italia-allad-e-dg-fabrizio-palermo","status":"publish","type":"post","link":"https:\/\/www.area-press.eu\/comunicatistampa\/2020\/03\/12\/businessperson-of-the-year-il-riconoscimento-di-fortune-italia-allad-e-dg-fabrizio-palermo\/","title":{"rendered":"\u201cBusinessperson of the Year\u201d, il riconoscimento di Fortune Italia all\u2019AD e DG Fabrizio Palermo"},"content":{"rendered":"<p><em><strong>L&#8217;impronta industriale data a Cassa Depositi e Prestiti, l&#8217;impegno nei confronti del mondo imprenditoriale e l&#8217;attenzione<\/strong> <strong>verso lo sviluppo sostenibile: sono alcuni dei motivi per cui l&#8217;AD e DG <a title=\"Fabrizio Palermo: riconoscimento businessperson of the year\" href=\"https:\/\/www.fortuneita.com\/2019\/12\/09\/industria-palermo-businessperson-of-the-year\/\">Fabrizio Palermo<\/a> \u00e8 stato designato da Fortune Italia<\/strong> <strong>come &#8220;Businessperson of the year&#8221; nel settore industria.<\/strong><\/em><\/p>\n<p><a title=\"Fabrizio Palermo, riconoscimento fortune italia\" href=\"https:\/\/www.fortuneita.com\/2019\/12\/09\/industria-palermo-businessperson-of-the-year\/\"><img loading=\"lazy\" decoding=\"async\" src=\"https:\/\/www.fortuneita.com\/wp-content\/uploads\/2019\/12\/CDP-003238-011-e1575876115374-1024x683.jpg\" alt=\"Fabrizio Palermo\" width=\"120\" height=\"80\" \/><\/a><\/p>\n<h2>Il riconoscimento di Fortune Italia a Fabrizio Palermo, &#8220;Businessperson of the year&#8221;<\/h2>\n<p>Il riconoscimento ricevuto da <strong>Fabrizio Palermo<\/strong> si inserisce nell&#8217;ambito della prestigiosa classifica stilata annualmente da Fortune Italia, che, sulla base dei dati forniti da Bureau Van Dijk &#8211; A Moody&#8217;s Analytics Company, individua le aziende che hanno condotto le migliori performance nel corso degli ultimi tre anni. Per mezzo dell&#8217;utilizzo di parametri economici e finanziari, la ricerca ha preso in analisi otto settori chiave dell&#8217;economia italiana: industria, finanza, energia, food, pharma, tech, startup, e moda. In aggiunta a tali valutazioni, Fortune si \u00e8 poi concentrata su altri aspetti, come quello legato alla sostenibilit\u00e0 e quello della propensione all&#8217;innovazione, includendo, infine, ulteriori fattori di tipo &#8220;pi\u00f9 personale&#8221;, come il carisma, la visione strategica e la leadership dei manager. Per ogni settore preso in esame, la rivista ha quindi selezionato dieci manager meritevoli di segnalazione e otto profili corrispondenti alle &#8220;Businesspeople of the year&#8221;. Nel comparto industriale, \u00e8 l&#8217;Amministratore Delegato e Direttore Generale di Cassa Depositi e Prestiti ad essere designato come manager dell&#8217;anno 2019.<\/p>\n<h2>Alla base del riconoscimento, l&#8217;impegno di Fabrizio Palermo nel comparto industriale<\/h2>\n<p><em>&#8220;Nuove strategie&#8221;<\/em>, si legge sul sito ufficiale di Fortune Italia, <em>&#8220;e piani che dimostrano di funzionare nell&#8217;industria italiana&#8221;<\/em>: \u00e8 proprio grazie al ruolo svolto all&#8217;interno dell&#8217;economia e dell&#8217;industria italiana che l&#8217;Amministratore Delegato e Direttore Generale di CDP \u00e8 riuscito ad arrivare in cima alla classifica stilata dalla testata. Come spiegato dalla stessa rivista, infatti, nella designazione di <strong><a title=\"Fabrizio Palermo businessperson of the year, settore industria\" href=\"https:\/\/www.fortuneita.com\/2019\/12\/09\/industria-palermo-businessperson-of-the-year\/\">Fabrizio Palermo<\/a><\/strong> ha avuto un peso considerevole l&#8217;impronta industriale che l&#8217;AD e DG ha dato a Cassa Depositi e Prestiti fin dal 2018, anno in cui il manager \u00e8 stato nominato alla guida dell&#8217;istituzione finanziaria italiana. <em>&#8220;CDP ha appena celebrato 170 anni, tutti vissuti al centro dell&#8217;economia italiana&#8221;<\/em>, ha spiegato la testata, sottolineando che, grazie alla guida di <strong>Fabrizio Palermo<\/strong>, l&#8217;ultimo Piano Industriale <em>&#8220;punta a recuperare la dimensione territoriale e ad avvicinare maggiormente Via Goito anche alle piccole e medie imprese&#8221;<\/em>. Fortune ha voluto poi evidenziare il legame che intercorre tra l&#8217;approccio sostenuto dall&#8217;AD e DG di Cassa e il suo percorso professionale: <em>&#8220;Un approccio coerente con la storia personale di Palermo. Viene dall&#8217;industria, con una lunga esperienza in Fincantieri come Cfo e Vice Direttore Generale, e oggi guarda soprattutto allo sviluppo sostenibile del Paese&#8221;<\/em>.<\/p>\n","protected":false},"excerpt":{"rendered":"<p>L&#8217;impronta industriale data a Cassa Depositi e Prestiti, l&#8217;impegno nei confronti del mondo imprenditoriale e l&#8217;attenzione verso lo sviluppo sostenibile: sono alcuni dei motivi per cui l&#8217;AD e DG Fabrizio Palermo \u00e8 stato designato da Fortune Italia come &#8220;Businessperson of the year&#8221; nel settore industria. Il riconoscimento di Fortune Italia a Fabrizio Palermo, &#8220;Businessperson of [&hellip;]<\/p>\n","protected":false},"author":5985,"featured_media":0,"comment_status":"open","ping_status":"open","sticky":false,"template":"","format":"standard","meta":{"footnotes":""},"categories":[5,29],"tags":[25026,25027],"class_list":["post-48327","post","type-post","status-publish","format-standard","hentry","category-aziendali","category-comunicati","tag-cassa-depositi-e-prestiti","tag-fabrizio-palermo"],"_links":{"self":[{"href":"https:\/\/www.area-press.eu\/comunicatistampa\/wp-json\/wp\/v2\/posts\/48327","targetHints":{"allow":["GET"]}}],"collection":[{"href":"https:\/\/www.area-press.eu\/comunicatistampa\/wp-json\/wp\/v2\/posts"}],"about":[{"href":"https:\/\/www.area-press.eu\/comunicatistampa\/wp-json\/wp\/v2\/types\/post"}],"author":[{"embeddable":true,"href":"https:\/\/www.area-press.eu\/comunicatistampa\/wp-json\/wp\/v2\/users\/5985"}],"replies":[{"embeddable":true,"href":"https:\/\/www.area-press.eu\/comunicatistampa\/wp-json\/wp\/v2\/comments?post=48327"}],"version-history":[{"count":1,"href":"https:\/\/www.area-press.eu\/comunicatistampa\/wp-json\/wp\/v2\/posts\/48327\/revisions"}],"predecessor-version":[{"id":48328,"href":"https:\/\/www.area-press.eu\/comunicatistampa\/wp-json\/wp\/v2\/posts\/48327\/revisions\/48328"}],"wp:attachment":[{"href":"https:\/\/www.area-press.eu\/comunicatistampa\/wp-json\/wp\/v2\/media?parent=48327"}],"wp:term":[{"taxonomy":"category","embeddable":true,"href":"https:\/\/www.area-press.eu\/comunicatistampa\/wp-json\/wp\/v2\/categories?post=48327"},{"taxonomy":"post_tag","embeddable":true,"href":"https:\/\/www.area-press.eu\/comunicatistampa\/wp-json\/wp\/v2\/tags?post=48327"}],"curies":[{"name":"wp","href":"https:\/\/api.w.org\/{rel}","templated":true}]}}