{"id":48320,"date":"2020-03-12T04:05:59","date_gmt":"2020-03-12T03:05:59","guid":{"rendered":"https:\/\/www.area-press.eu\/comunicatistampa\/?p=48320"},"modified":"2020-03-12T04:05:59","modified_gmt":"2020-03-12T03:05:59","slug":"serramenti-2019-anno-positivo-ma-restano-le-incognite-per-il-coronavirus","status":"publish","type":"post","link":"https:\/\/www.area-press.eu\/comunicatistampa\/2020\/03\/12\/serramenti-2019-anno-positivo-ma-restano-le-incognite-per-il-coronavirus\/","title":{"rendered":"Serramenti: 2019 anno positivo, ma restano le incognite per il Coronavirus"},"content":{"rendered":"<p>Il 2019 anno di ripresa incompiuta, con pesantissime incognite per il 2020 legate all\u2019emergenza sanitaria Coronavirus: sintetizza cos\u00ec la situazione sul mercato italiano dell\u2019involucro edilizio-serramenti e facciate continue l\u2019ultimo Rapporto UNICMI 2020, al quale anche i produttori di <a href=\"http:\/\/www.infissimodesti.it\/\"><strong><u>infissi in legno-alluminio<\/u><\/strong><\/a> guardano con particolare attenzione.<\/p>\n<p>Se il 2019 ha rappresentato un altro anno di ripresa incompiuta a causa della bassa crescita complessiva dell\u2019economia italiana generata dalle forti tensioni finanziarie verificatesi nell\u2019ultimo quadrimestre 2018, per il 2020 lo scenario previsto sembra essere destinato a cambiare radicalmente. Il Rapporto, infatti, ha evidenziato un miglioramento delle prestazioni economiche e finanziarie di costruttori di facciate continue e serramenti metallici in termini di produttivit\u00e0, redditivit\u00e0 e solidit\u00e0 finanziaria: un quadro che lasciava ipotizzare un ritorno a valori vicini a quelli pre-crisi nel giro di 2 anni, ma che non poteva tener conto ovviamente degli effetti causati dal Covid-19.<\/p>\n<p>Le misure restrittive adottate per contenere la diffusione dell\u2019epidemia, infatti, si sono subito fatti sentire sull\u2019economia italiana, in particolare su alcuni settori strategici (es. turismo e trasporti), con il risultato inevitabile di una forte contrazione dei consumi. Tutto dipender\u00e0, ovviamente, dalla durata delle stesse perch\u00e9, se il periodo dovesse essere inferiore a 3 mesi, gli effetti negativi sugli investimenti nelle costruzioni potrebbero essere limitati; ma se la durata fosse prolungata, la contrazione della spesa per consumi sarebbe maggiore e in tal caso gli effetti negativi comprometterebbero seriamente la crescita economia generale, con inevitabili ripercussioni anche per il settore costruzioni.<\/p>\n<p>E allora, quali potrebbero essere gli accorgimenti necessari per sostenere anche il mercato di serramenti e <a href=\"http:\/\/www.infissimodesti.it\/categoria\/infissi-esterni\"><strong><u>finestre in legno<\/u><\/strong><\/a>? Una soluzione adeguata potrebbe essere sicuramente il potenziamento degli incentivi fiscali, come ad esempio aumentare al 100% la percentuale di detrazione dell\u2019Ecobonus accompagnandola con lo sconto in fattura: in questo modo si garantirebbe sostegno alla domanda non appena torner\u00e0 la propensione ai consumi.<\/p>\n","protected":false},"excerpt":{"rendered":"<p>Il 2019 anno di ripresa incompiuta, con pesantissime incognite per il 2020 legate all\u2019emergenza sanitaria Coronavirus: sintetizza cos\u00ec la situazione sul mercato italiano dell\u2019involucro edilizio-serramenti e facciate continue l\u2019ultimo Rapporto UNICMI 2020, al quale anche i produttori di infissi in legno-alluminio guardano con particolare attenzione. Se il 2019 ha rappresentato un altro anno di ripresa [&hellip;]<\/p>\n","protected":false},"author":5108,"featured_media":0,"comment_status":"open","ping_status":"open","sticky":false,"template":"","format":"standard","meta":{"footnotes":""},"categories":[7],"tags":[19030,21128,19031],"class_list":["post-48320","post","type-post","status-publish","format-standard","hentry","category-economia-e-finanza","tag-finestre-in-legno","tag-infissi-in-legno","tag-portoni-blindati"],"_links":{"self":[{"href":"https:\/\/www.area-press.eu\/comunicatistampa\/wp-json\/wp\/v2\/posts\/48320","targetHints":{"allow":["GET"]}}],"collection":[{"href":"https:\/\/www.area-press.eu\/comunicatistampa\/wp-json\/wp\/v2\/posts"}],"about":[{"href":"https:\/\/www.area-press.eu\/comunicatistampa\/wp-json\/wp\/v2\/types\/post"}],"author":[{"embeddable":true,"href":"https:\/\/www.area-press.eu\/comunicatistampa\/wp-json\/wp\/v2\/users\/5108"}],"replies":[{"embeddable":true,"href":"https:\/\/www.area-press.eu\/comunicatistampa\/wp-json\/wp\/v2\/comments?post=48320"}],"version-history":[{"count":1,"href":"https:\/\/www.area-press.eu\/comunicatistampa\/wp-json\/wp\/v2\/posts\/48320\/revisions"}],"predecessor-version":[{"id":48321,"href":"https:\/\/www.area-press.eu\/comunicatistampa\/wp-json\/wp\/v2\/posts\/48320\/revisions\/48321"}],"wp:attachment":[{"href":"https:\/\/www.area-press.eu\/comunicatistampa\/wp-json\/wp\/v2\/media?parent=48320"}],"wp:term":[{"taxonomy":"category","embeddable":true,"href":"https:\/\/www.area-press.eu\/comunicatistampa\/wp-json\/wp\/v2\/categories?post=48320"},{"taxonomy":"post_tag","embeddable":true,"href":"https:\/\/www.area-press.eu\/comunicatistampa\/wp-json\/wp\/v2\/tags?post=48320"}],"curies":[{"name":"wp","href":"https:\/\/api.w.org\/{rel}","templated":true}]}}