{"id":48193,"date":"2020-03-05T23:01:41","date_gmt":"2020-03-05T22:01:41","guid":{"rendered":"https:\/\/www.area-press.eu\/comunicatistampa\/?p=48193"},"modified":"2020-03-05T23:01:41","modified_gmt":"2020-03-05T22:01:41","slug":"scopri-il-tranquil-down-su-lovebrico-com","status":"publish","type":"post","link":"https:\/\/www.area-press.eu\/comunicatistampa\/2020\/03\/05\/scopri-il-tranquil-down-su-lovebrico-com\/","title":{"rendered":"Scopri il Tranquil Down su Lovebrico.com"},"content":{"rendered":"<p><i><span style=\"font-weight: 400\">Un mix di grigio, verde e azzurro compone la tonalit\u00e0 dell\u2019anno, perfetta come scelta per l\u2019arredamento domestico. Il Tranquil Down <strong><a href=\"https:\/\/www.lovebrico.com\/ricerca?controller=search&amp;s=Tranquil+Dawn\">\u00e8 disponibile anche su Lovebrico.com<\/a><\/strong>, portale dedicato a edilizia, giardino e fai da te.<\/span><\/i><\/p>\n<p><span style=\"font-weight: 400\">Milano, Marzo 2020 \u2013 Il <\/span><b>Tranquil Down<\/b><span style=\"font-weight: 400\">, <\/span><b>\u00e8 oggi disponibile anche su Lovebrico.com, piattaforma dedicata a edilizia, giardino, casa e fai da te.<\/b><span style=\"font-weight: 400\"> Azienda giovane e dinamica, Lovebrico collabora con i pi\u00f9 importanti marchi nazionali e internazionali, proponendo un\u2019offerta completa e in grado di soddisfare tutte le esigenze dei propri clienti, siano essi privati oppure professionisti o imprese.\u00a0<\/span><\/p>\n<p><b>Il Tranquil Down \u00e8 una nuance molto particolare, che unisce grigio, verde e azzurro<\/b><span style=\"font-weight: 400\">, creando una tonalit\u00e0 che ricorda le sfumature del cielo all\u2019alba. <\/span><b>Si tratta di un colore molto rilassante, che infonde calma e serenit\u00e0, ma anche estremamente versatile:<\/b><span style=\"font-weight: 400\"> il Tranquil Down, infatti, pu\u00f2 essere impiegato in ogni ambiente della casa, dal bagno alla cucina, dalla zona notte al living. Perfetto anche per la camera dei bambini, questo colore pu\u00f2 essere scelto sia per le pareti che per altri accessori e complementi d\u2019arredo, come mobili, tessuti e suppellettili; qualsiasi sia il contesto in cui si decide di applicarlo, il Tranquil Down garantir\u00e0 un prezioso effetto estetico, donando a ogni abitazione un look raffinato, elegante e senza tempo.<\/span><\/p>\n<p><span style=\"font-weight: 400\">Il successo del Tranquil Down, oltre alla sua particolare sfumatura, \u00e8 dovuto anche al fatto di essere un colore umano, nel pi\u00f9 ampio senso del termine. Questa tonalit\u00e0, infatti, <\/span><b>invita alla riflessione e alla pace, per recuperare l\u2019importanza dei legami con il prossimo,<\/b><span style=\"font-weight: 400\"> in un\u2019epoca, come quella in cui stiamo vivendo, dove la tecnologia spesso allontana gli esseri umani l\u2019uno dall\u2019altro.\u00a0<\/span><\/p>\n<p><b>Il Tranquil Down pu\u00f2 essere utilizzato anche come tinta per l\u2019arredamento esterno<\/b><span style=\"font-weight: 400\">, declinata in mobili da giardino e accessori quali vasi, lanterne o cuscini, che si intonano perfettamente all\u2019interno di un contesto naturale, contribuendo ad accrescere l\u2019atmosfera rilassante e avvolgente tipica della zona esterna della casa.<\/span><\/p>\n<p><strong><a href=\"https:\/\/www.lovebrico.com\/blog\/6_Tranquil-Dawn-il-colore-del-2020.html\">Maggiori informazioni<\/a><\/strong><\/p>\n","protected":false},"excerpt":{"rendered":"<p>Un mix di grigio, verde e azzurro compone la tonalit\u00e0 dell\u2019anno, perfetta come scelta per l\u2019arredamento domestico. Il Tranquil Down \u00e8 disponibile anche su Lovebrico.com, portale dedicato a edilizia, giardino e fai da te. Milano, Marzo 2020 \u2013 Il Tranquil Down, \u00e8 oggi disponibile anche su Lovebrico.com, piattaforma dedicata a edilizia, giardino, casa e fai [&hellip;]<\/p>\n","protected":false},"author":4517,"featured_media":0,"comment_status":"open","ping_status":"open","sticky":false,"template":"","format":"standard","meta":{"footnotes":""},"categories":[29],"tags":[],"class_list":["post-48193","post","type-post","status-publish","format-standard","hentry","category-comunicati"],"_links":{"self":[{"href":"https:\/\/www.area-press.eu\/comunicatistampa\/wp-json\/wp\/v2\/posts\/48193","targetHints":{"allow":["GET"]}}],"collection":[{"href":"https:\/\/www.area-press.eu\/comunicatistampa\/wp-json\/wp\/v2\/posts"}],"about":[{"href":"https:\/\/www.area-press.eu\/comunicatistampa\/wp-json\/wp\/v2\/types\/post"}],"author":[{"embeddable":true,"href":"https:\/\/www.area-press.eu\/comunicatistampa\/wp-json\/wp\/v2\/users\/4517"}],"replies":[{"embeddable":true,"href":"https:\/\/www.area-press.eu\/comunicatistampa\/wp-json\/wp\/v2\/comments?post=48193"}],"version-history":[{"count":1,"href":"https:\/\/www.area-press.eu\/comunicatistampa\/wp-json\/wp\/v2\/posts\/48193\/revisions"}],"predecessor-version":[{"id":48194,"href":"https:\/\/www.area-press.eu\/comunicatistampa\/wp-json\/wp\/v2\/posts\/48193\/revisions\/48194"}],"wp:attachment":[{"href":"https:\/\/www.area-press.eu\/comunicatistampa\/wp-json\/wp\/v2\/media?parent=48193"}],"wp:term":[{"taxonomy":"category","embeddable":true,"href":"https:\/\/www.area-press.eu\/comunicatistampa\/wp-json\/wp\/v2\/categories?post=48193"},{"taxonomy":"post_tag","embeddable":true,"href":"https:\/\/www.area-press.eu\/comunicatistampa\/wp-json\/wp\/v2\/tags?post=48193"}],"curies":[{"name":"wp","href":"https:\/\/api.w.org\/{rel}","templated":true}]}}