{"id":48167,"date":"2020-03-05T23:01:37","date_gmt":"2020-03-05T22:01:37","guid":{"rendered":"https:\/\/www.area-press.eu\/comunicatistampa\/?p=48167"},"modified":"2020-03-05T23:01:37","modified_gmt":"2020-03-05T22:01:37","slug":"doppio-headquarter-e-nuove-assunzioni-velvet-media-premiata-per-il-secondo-anno-consecutivo-dal-financial-times","status":"publish","type":"post","link":"https:\/\/www.area-press.eu\/comunicatistampa\/2020\/03\/05\/doppio-headquarter-e-nuove-assunzioni-velvet-media-premiata-per-il-secondo-anno-consecutivo-dal-financial-times\/","title":{"rendered":"Doppio Headquarter e nuove assunzioni, Velvet Media premiata per il secondo anno consecutivo dal Financial Times"},"content":{"rendered":"<h3>Fatturato di nuovo raddoppiato nel 2019, una nuova sede e\u00a0venti assunti. Il\u00a02020 di Velvet Media inizia col premio del maggior quotidiano economico a livello mondiale: ora \u00e8 tra le aziende a pi\u00f9 forte crescita in Europa. Il titolare, Bassel Bakdounes: &#8220;Sappiamo osare&#8221;<\/h3>\n<p>&nbsp;<\/p>\n<p>Velvet Media si riconferma ai vertici europei nella crescita. A riconoscerlo \u00e8 il\u00a0<strong>Financial Times, che posiziona Velvet Media al 176\u00b0 posto su 1000 aziende in Europa<\/strong>\u00a0all\u2019interno della classifica\u00a0<strong>\u201cFT 1000: Europe\u2019s Fastest-Growing Companies\u201d,<\/strong>\u00a0realizzata in collaborazione con Statista e pubblicata sul sito\u00a0<a href=\"http:\/\/ft.com\/\" target=\"_blank\" rel=\"noopener noreferrer\" data-saferedirecturl=\"https:\/\/www.google.com\/url?q=http:\/\/ft.com&amp;source=gmail&amp;ust=1583490848794000&amp;usg=AFQjCNEhNhNZko-uuZU8F9habpg-I4n_xQ\">ft.com<\/a>. Un ottimo risultato che arriva pochi mesi dopo un analogo riconoscimento de Il Sole 24 Ore: il primo quotidiano economico italiano ha sancito il posizionamento di Velvet Media al terzo posto tra le agenzie di marketing e pubblicit\u00e0 nel ranking italiano \u201cLeader della Crescita\u201d,\u00a0<strong>grazie a un tasso di crescita tra il 2015 e il 2018 pari al +112,28%<\/strong>.<\/p>\n<p>Un andamento marcatamente positivo che continua a registrare crescite a doppia cifra:\u00a0<strong>nel 2019 il fatturato \u00e8 di nuovo raddoppiato<\/strong>\u00a0anche in seguito della decisione strategica di trasformare Velvet Media in una holding che gestisce diverse divisioni di business e incuba progetti innovativi di marketing.<\/p>\n<p>\u201cIl coraggio di saper osare\u201d, commenta il CEO di Velvet Media, Bassel Bakdounes. \u201c\u00c8 questo quello che ci ha permesso oggi di ottenere un riconoscimento cos\u00ec importante, per il secondo anno di fila. Avere l\u2019audacia di fare scelte diverse dal solito e di cambiare lo status quo non \u00e8 mai facile, ma \u00e8 ci\u00f2 che ti permette di fare innovazione e di fare veramente la differenza. Cosa significa nel concreto? Significa ad esempio essere tra i primi a capire che la vendita online pu\u00f2 essere un aiuto per le PMI italiane e non solo una condanna a morte, e significa quindi prendersi il rischio di riassettare tutta l\u2019azienda per offrire alle imprese un aiuto concreto e una guida in questo settore. Significa posizionarci oggi come la prima e unica agenzia completamente strutturata per accompagnare le PMI nella gestione completa di e-commerce, marketplace e social -selling\u201d.<\/p>\n<p>Per supportare la continua specializzazione e la crescita delle divisioni verticali di Velvet Media dedicate ai settori della moda, dello sport, dell\u2019influencer marketing e dell\u2019internazionalizzazione, continuano anche a crescere le figure professionali: tra Store Manager, Marketing Manager, Graphic Designer, Web Developer e Social Media Manager, \u00e8 stata appena chiusa una campagna di assunzioni che ha visto\u00a0<strong>l\u2019inserimento nell\u2019organico di una ventina di nuove figure.<\/strong><\/p>\n<p>A conferma della crescita verticale in corso all\u2019interno dell\u2019agenzia c\u2019\u00e8 anche da segnalare\u00a0<strong>una recente novit\u00e0 nell\u2019headquarter di Castelfranco Veneto<\/strong>. La sede \u00e8 stata raddoppiata con\u00a0<strong>l\u2019acquisizione di uno nuovo spazio in Via delle Querce dedicato ai reparti fashion, eventi, e foto-video<\/strong>, in fianco alla sede principale. Un headquarter a due gambe, dunque, che si somma alle agenzie sorelle presenti negli Stati Uniti, in Thailandia e negli Emirati Arabi a Dubai.<\/p>\n<p>&nbsp;<\/p>\n<p>&nbsp;<\/p>\n<p><strong>VELVET MEDIA<\/strong>\u00a0Marketing management, vendita online e new media: sono questi gli ambiti nei quali Velvet Media, agenzia di comunicazione di Castelfranco Veneto, in provincia di Treviso, \u00e8 ai vertici nazionali. Nata come casa editrice nel 2013, specializzatasi prima in couponing e poi come editore del sito internet Storie di Eccellenza e del magazine Genius, oggi \u00e8 diventata una holding che gestisce il marketing in outsourcing di oltre mille aziende del Nord Italia grazie ad un organico di circa 150 persone in continua espansione. Per questo \u00e8 stata premiata come una delle aziende col tasso pi\u00f9 alto di crescita in Europa dal Financial Times. Il core business \u00e8 il coordinamento della comunicazione aziendale a tutti i livelli e la gestione della vendita online: dalla grafica ai video, dal posizionamento del brand allo sviluppo di siti di e-commerce, dall\u2019advertising sui marketplace fino alla lead generation. Attorno alla galassia Velvet sono nate alcune divisioni parallele, che hanno sviluppato specializzazioni nel mondo dello sport (Velvet Sport), della moda (Velvet Fashion) e dell\u2019internazionalizzazione con focus in particolare sulla Cina (Velvet International). Con sedi negli Stati Uniti a Denver, in Thailandia a Bangkok e negli Emirati Arabi a Dubai, Velvet \u00e8 il partner ideale per qualunque azienda interessata a comunicare e vendere oltre confine. La storia di Velvet Media \u00e8 raccontata nel libro \u201cMarketing Heroes\u201d, nel quale emerge lo stile aziendale basato su manga e rock and roll; uno stile che ha fatto parlare di s\u00e9 a livello nazionale anche per il management quasi integralmente femminile e per la presenza in organico della manager della felicit\u00e0 per gestire i rapporti in ufficio. Informazioni e contatti:\u00a0<a href=\"http:\/\/www.velvetmedia.it\/\" target=\"_blank\" rel=\"noopener noreferrer\" data-saferedirecturl=\"https:\/\/www.google.com\/url?q=http:\/\/www.velvetmedia.it&amp;source=gmail&amp;ust=1583490848794000&amp;usg=AFQjCNH3I9YBnL7-WOki6SLG3ZqwUmcvpA\">www.velvetmedia.it<\/a>.<\/p>\n","protected":false},"excerpt":{"rendered":"<p>Fatturato di nuovo raddoppiato nel 2019, una nuova sede e\u00a0venti assunti. Il\u00a02020 di Velvet Media inizia col premio del maggior quotidiano economico a livello mondiale: ora \u00e8 tra le aziende a pi\u00f9 forte crescita in Europa. Il titolare, Bassel Bakdounes: &#8220;Sappiamo osare&#8221; &nbsp; Velvet Media si riconferma ai vertici europei nella crescita. A riconoscerlo \u00e8 [&hellip;]<\/p>\n","protected":false},"author":5200,"featured_media":0,"comment_status":"open","ping_status":"open","sticky":false,"template":"","format":"standard","meta":{"footnotes":""},"categories":[4,5,6,7],"tags":[],"class_list":["post-48167","post","type-post","status-publish","format-standard","hentry","category-attualita-e-societa","category-aziendali","category-ecommerce","category-economia-e-finanza"],"_links":{"self":[{"href":"https:\/\/www.area-press.eu\/comunicatistampa\/wp-json\/wp\/v2\/posts\/48167","targetHints":{"allow":["GET"]}}],"collection":[{"href":"https:\/\/www.area-press.eu\/comunicatistampa\/wp-json\/wp\/v2\/posts"}],"about":[{"href":"https:\/\/www.area-press.eu\/comunicatistampa\/wp-json\/wp\/v2\/types\/post"}],"author":[{"embeddable":true,"href":"https:\/\/www.area-press.eu\/comunicatistampa\/wp-json\/wp\/v2\/users\/5200"}],"replies":[{"embeddable":true,"href":"https:\/\/www.area-press.eu\/comunicatistampa\/wp-json\/wp\/v2\/comments?post=48167"}],"version-history":[{"count":1,"href":"https:\/\/www.area-press.eu\/comunicatistampa\/wp-json\/wp\/v2\/posts\/48167\/revisions"}],"predecessor-version":[{"id":48168,"href":"https:\/\/www.area-press.eu\/comunicatistampa\/wp-json\/wp\/v2\/posts\/48167\/revisions\/48168"}],"wp:attachment":[{"href":"https:\/\/www.area-press.eu\/comunicatistampa\/wp-json\/wp\/v2\/media?parent=48167"}],"wp:term":[{"taxonomy":"category","embeddable":true,"href":"https:\/\/www.area-press.eu\/comunicatistampa\/wp-json\/wp\/v2\/categories?post=48167"},{"taxonomy":"post_tag","embeddable":true,"href":"https:\/\/www.area-press.eu\/comunicatistampa\/wp-json\/wp\/v2\/tags?post=48167"}],"curies":[{"name":"wp","href":"https:\/\/api.w.org\/{rel}","templated":true}]}}