{"id":48118,"date":"2020-03-04T19:13:22","date_gmt":"2020-03-04T18:13:22","guid":{"rendered":"https:\/\/www.area-press.eu\/comunicatistampa\/?p=48118"},"modified":"2020-03-04T19:13:22","modified_gmt":"2020-03-04T18:13:22","slug":"bora-nera-un-giallo-thriller-di-salvo-bilardello-in-uscita-il-15-marzo-su-amazon","status":"publish","type":"post","link":"https:\/\/www.area-press.eu\/comunicatistampa\/2020\/03\/04\/bora-nera-un-giallo-thriller-di-salvo-bilardello-in-uscita-il-15-marzo-su-amazon\/","title":{"rendered":"Bora nera, un giallo\/thriller di Salvo Bilardello, in uscita il 15 marzo su Amazon"},"content":{"rendered":"<p><img loading=\"lazy\" decoding=\"async\" class=\"alignleft\" src=\"Imgur.com\" alt=\"Cover Bora nera\" width=\"161\" height=\"240\" \/><\/p>\n<p><strong><em>Bora<\/em><\/strong><em> <strong>nera<\/strong> \u00e8 la prima indagine del commissario De Stefano, impegnato a risolvere una serie di omicidi che sconvolgono Trieste. Un giallo che scava nell\u2019animo dei suoi personaggi, mettendo a nudo i loro punti forti e le loro debolezze, mescolando Scirocco e Bora, Sicilia e Friuli Venezia Giulia. L\u2019anima e la storia di Trieste, citt\u00e0 dove regna \u201cMadonna Bora\u201d e della Piazza dell\u2019Unit\u00e0 che sembra abbracciare chi arriva dal mare, tingono di mitteleuropeo le pagine del giallo.<\/em><\/p>\n<p><strong>Il libro<\/strong><\/p>\n<p>Il ritrovamento del cadavere di un uomo senza testa nel parco di S. Giusto \u00e8 la perfida accoglienza che la citt\u00e0 riserva al commissario De Stefano, da poco insediatosi alla Questura di Trieste. La vittima, Giuseppe Milan, \u00e8 un impiegato di un notissimo studio legale triestino. Unico indizio, un foglio bianco su cui \u00e8 riportato un nome, George Morgan. Ma la scia di sangue \u00e8 solo all\u2019inizio.<\/p>\n<p>Ben presto, il commissario De Stefano si ritrova con una serie di delitti e nessun movente. Unico comune denominatore, il fantomatico George Morgan.<\/p>\n<p>Quale \u00e8 il legame che unisce i delitti? E chi \u00e8 George Morgan, l\u2019assassino senza volto?<\/p>\n<p>&nbsp;<\/p>\n<p><strong>Salvo Bilardello<\/strong> \u00e8 un chimico prestato alla scrittura. Autore di diversi articoli di divulgazione scientifica e amante di gialli e thriller. Adora Maigret, Mankell, Agatha Christie.<\/p>\n<p>Il suo primo romanzo, <em>Bora nera<\/em>, \u00e8 edito da <strong>Maratta Edizioni<\/strong> &#8211; Pomezia (Rm).<\/p>\n<p>Contatti: Mail: <a href=\"mailto:salvobilardelloautore@gmail.com\">salvobilardelloautore@gmail.com<\/a><\/p>\n<p>FB: <a href=\"http:\/\/www.facebook.com\/pg\/Bora-nera-104786057768326\">www.facebook.com\/pg\/Bora-nera-104786057768326<\/a><\/p>\n<p>Maratta Edizioni: <a href=\"http:\/\/www.marattaedizioni.com\/\">www.marattaedizioni.com<\/a><\/p>\n","protected":false},"excerpt":{"rendered":"<p>Bora nera \u00e8 la prima indagine del commissario De Stefano, impegnato a risolvere una serie di omicidi che sconvolgono Trieste. Un giallo che scava nell\u2019animo dei suoi personaggi, mettendo a nudo i loro punti forti e le loro debolezze, mescolando Scirocco e Bora, Sicilia e Friuli Venezia Giulia. L\u2019anima e la storia di Trieste, citt\u00e0 [&hellip;]<\/p>\n","protected":false},"author":6206,"featured_media":0,"comment_status":"open","ping_status":"open","sticky":false,"template":"","format":"standard","meta":{"footnotes":""},"categories":[3,29],"tags":[26535,784,11042],"class_list":["post-48118","post","type-post","status-publish","format-standard","hentry","category-arte-e-cultura","category-comunicati","tag-gialli","tag-libri","tag-thriller"],"_links":{"self":[{"href":"https:\/\/www.area-press.eu\/comunicatistampa\/wp-json\/wp\/v2\/posts\/48118","targetHints":{"allow":["GET"]}}],"collection":[{"href":"https:\/\/www.area-press.eu\/comunicatistampa\/wp-json\/wp\/v2\/posts"}],"about":[{"href":"https:\/\/www.area-press.eu\/comunicatistampa\/wp-json\/wp\/v2\/types\/post"}],"author":[{"embeddable":true,"href":"https:\/\/www.area-press.eu\/comunicatistampa\/wp-json\/wp\/v2\/users\/6206"}],"replies":[{"embeddable":true,"href":"https:\/\/www.area-press.eu\/comunicatistampa\/wp-json\/wp\/v2\/comments?post=48118"}],"version-history":[{"count":2,"href":"https:\/\/www.area-press.eu\/comunicatistampa\/wp-json\/wp\/v2\/posts\/48118\/revisions"}],"predecessor-version":[{"id":48121,"href":"https:\/\/www.area-press.eu\/comunicatistampa\/wp-json\/wp\/v2\/posts\/48118\/revisions\/48121"}],"wp:attachment":[{"href":"https:\/\/www.area-press.eu\/comunicatistampa\/wp-json\/wp\/v2\/media?parent=48118"}],"wp:term":[{"taxonomy":"category","embeddable":true,"href":"https:\/\/www.area-press.eu\/comunicatistampa\/wp-json\/wp\/v2\/categories?post=48118"},{"taxonomy":"post_tag","embeddable":true,"href":"https:\/\/www.area-press.eu\/comunicatistampa\/wp-json\/wp\/v2\/tags?post=48118"}],"curies":[{"name":"wp","href":"https:\/\/api.w.org\/{rel}","templated":true}]}}