{"id":47934,"date":"2020-02-26T18:40:09","date_gmt":"2020-02-26T17:40:09","guid":{"rendered":"https:\/\/www.area-press.eu\/comunicatistampa\/?p=47934"},"modified":"2020-02-27T00:33:09","modified_gmt":"2020-02-26T23:33:09","slug":"unione-sportiva-acli-e-casa-editrice-edizioni-2000diciassette-sul-territorio-sannita-per-un-incrocio-tra-cultura-e-sport","status":"publish","type":"post","link":"https:\/\/www.area-press.eu\/comunicatistampa\/2020\/02\/26\/unione-sportiva-acli-e-casa-editrice-edizioni-2000diciassette-sul-territorio-sannita-per-un-incrocio-tra-cultura-e-sport\/","title":{"rendered":"Unione sportiva Acli e casa editrice Edizioni 2000diciassette sul territorio sannita per un incrocio tra cultura e sport"},"content":{"rendered":"<p>In rete con l&#8217;unione sportiva Acli la casa editrice edizioni 2000diciassette aderisce al progetto sul bullismo e sulla violenza di genere promossa dal presidente U.S. Acli Benevento Alessandro Pepe in virt\u00f9 di un percorso innovativo all&#8217;insegna della cultura e dello sport. Finalit\u00e0 del progetto smuovere le coscienze su tematiche che riguardano la fragilit\u00e0.<\/p>\n<p>Sar\u00e0 il santagatese Gerardo Biscardi ed il suo libro dal titolo: \u201cCon le tasche piene di felicit\u00e0\u201d, edito da Edizioni 2000diciassette, a inaugurare questa nuova serie di incontri su tema del bullismo e della violenza di genere. \u201cCon le tasche piene di felicit\u00e0\u201d \u00e8 una produzione letteraria, che sta riscuotendo successo di vendite ed \u00e8 presente sulle maggiori piattaforme distributive.<br \/>\nL&#8217;amore, la gioia di vivere, la scoperta della felicit\u00e0 anche nelle difficolt\u00e0 trovano risposte nel memoire dello scrittore.<br \/>\n\u201cUn percorso, un approdo; la luce dell\u2019alba ed il paesaggio puro di un\u2019anima che incanta. L\u2019ebbrezza della voglia di vivere\u201d<\/p>\n<p>Al convegno promosso dalla delegata U.S. Acli Benevento Immacolata Petrillo, che avr\u00e0 luogo il 7 Marzo alle ore 18:30 nel salone dell&#8217;Istituto Comprensivo Telese Terme-Solopaca (scuole elementari), parteciperanno anche il presidente U.S. Acli Benevento Alessandro Pepe, l&#8217;avvocato Roberto Marino,la dottoressa Angela Rita Rotondi, la dottoressa Maria Vittoria Crocco, la fashion blogger campana Teresa Morone che per il secondo anno si impegna in prima persona contro il bullismo e la violenza di genere.<\/p>\n<p>A conclusione del convegno i presenti potranno partecipare ad una dimostrazione di difesa personale organizzata dal maestro di pugilato Clemente Di Crescenzo con rilascio di attestato riconosciuto dal CONI.<\/p>\n<p><strong>Powered by free press releases service area-press.eu<\/strong><\/p>\n","protected":false},"excerpt":{"rendered":"<p>In rete con l&#8217;unione sportiva Acli la casa editrice edizioni 2000diciassette aderisce al progetto sul bullismo e sulla violenza di genere promossa dal presidente U.S. Acli Benevento Alessandro Pepe in virt\u00f9 di un percorso innovativo all&#8217;insegna della cultura e dello sport. Finalit\u00e0 del progetto smuovere le coscienze su tematiche che riguardano la fragilit\u00e0. Sar\u00e0 il [&hellip;]<\/p>\n","protected":false},"author":6130,"featured_media":0,"comment_status":"open","ping_status":"open","sticky":false,"template":"","format":"standard","meta":{"footnotes":""},"categories":[8],"tags":[20188,26453,26456,26455,26454],"class_list":["post-47934","post","type-post","status-publish","format-standard","hentry","category-eventi","tag-bullismo","tag-cyberbullismo","tag-edizioni-2000diciassette-casa-editrice","tag-fashhion-blogger-teresa-morone","tag-violenza-di-genere"],"_links":{"self":[{"href":"https:\/\/www.area-press.eu\/comunicatistampa\/wp-json\/wp\/v2\/posts\/47934","targetHints":{"allow":["GET"]}}],"collection":[{"href":"https:\/\/www.area-press.eu\/comunicatistampa\/wp-json\/wp\/v2\/posts"}],"about":[{"href":"https:\/\/www.area-press.eu\/comunicatistampa\/wp-json\/wp\/v2\/types\/post"}],"author":[{"embeddable":true,"href":"https:\/\/www.area-press.eu\/comunicatistampa\/wp-json\/wp\/v2\/users\/6130"}],"replies":[{"embeddable":true,"href":"https:\/\/www.area-press.eu\/comunicatistampa\/wp-json\/wp\/v2\/comments?post=47934"}],"version-history":[{"count":2,"href":"https:\/\/www.area-press.eu\/comunicatistampa\/wp-json\/wp\/v2\/posts\/47934\/revisions"}],"predecessor-version":[{"id":47958,"href":"https:\/\/www.area-press.eu\/comunicatistampa\/wp-json\/wp\/v2\/posts\/47934\/revisions\/47958"}],"wp:attachment":[{"href":"https:\/\/www.area-press.eu\/comunicatistampa\/wp-json\/wp\/v2\/media?parent=47934"}],"wp:term":[{"taxonomy":"category","embeddable":true,"href":"https:\/\/www.area-press.eu\/comunicatistampa\/wp-json\/wp\/v2\/categories?post=47934"},{"taxonomy":"post_tag","embeddable":true,"href":"https:\/\/www.area-press.eu\/comunicatistampa\/wp-json\/wp\/v2\/tags?post=47934"}],"curies":[{"name":"wp","href":"https:\/\/api.w.org\/{rel}","templated":true}]}}