{"id":47877,"date":"2020-02-26T18:39:05","date_gmt":"2020-02-26T17:39:05","guid":{"rendered":"https:\/\/www.area-press.eu\/comunicatistampa\/?p=47877"},"modified":"2020-02-27T00:35:13","modified_gmt":"2020-02-26T23:35:13","slug":"renord-il-50-compleanno","status":"publish","type":"post","link":"https:\/\/www.area-press.eu\/comunicatistampa\/2020\/02\/26\/renord-il-50-compleanno\/","title":{"rendered":"Renord: il 50\u00b0 compleanno"},"content":{"rendered":"<p><i><span style=\"font-weight: 400;\">Nuovo logo, eventi e concorsi per i clienti, per celebrare la storia di una tra le maggiori concessionarie auto del Nord Italia.\u00a0<\/span><\/i><\/p>\n<h2><b>Renord, la storia.\u00a0<\/b><\/h2>\n<p><span style=\"font-weight: 400;\">Quest\u2019anno, la concessionaria <a href=\"https:\/\/www.renord.com\/\">Renord<\/a> compie 50 anni. \u00c8 infatti dalla sua fondazione, avvenuta nel 1970, che la concessionaria opera nel mercato dell\u2019automobile, diventando negli anni leader nel nord Italia per i marchi che rappresenta. Crescendo nel tempo, grazie alla qualit\u00e0 del suo servizio, \u00e8 riuscita a svilupparsi fino a raggiungere le attuali sette sedi, tra servizio vendita e assistenza, presenti sul territorio di Milano, Sesto San Giovanni e Monza.\u00a0<\/span><\/p>\n<p><span style=\"font-weight: 400;\">La crescita dell\u2019azienda, organizzata per funzioni per garantire un\u2019elevata specializzazione, ha infatti permesso di ampliare e differenziare l\u2019offerta di servizi che consentono di soddisfare sia clientela privata che aziende, garantendo sempre elevati standard qualitativi.\u00a0<\/span><\/p>\n<h2><b>Una crescita continua.\u00a0<\/b><\/h2>\n<p><span style=\"font-weight: 400;\">Quella di Renord \u00e8 una storia di successi accompagnata da una crescita continua. Ad ottobre 2019 ad esempio \u00e8 stata celebrata ufficialmente l&#8217;opera di rinnovo e ampliamento della sede in via Milanese, a Sesto San Giovanni. Qui sono stati inaugurati gli uffici commerciali e direzionali, completamente rinnovati, gli ampi showroom Nissan e Dacia e la nuova struttura dedicata al service, uno spazio all&#8217;avanguardia di oltre 5000 mq di superficie. Sempre nel 2019, Renord ha aperto poi un\u2019ulteriore sede a Monza, una concessionaria dedicata solo al brand Nissan.\u00a0<\/span><\/p>\n<h2><b>Nuovo logo.\u00a0<\/b><\/h2>\n<p><span style=\"font-weight: 400;\">Renord ha sempre seguito i cambiamenti e le evoluzioni che il mercato ha offerto negli anni ed \u00e8 per questo che ha deciso di rinnovarsi anche nel logo che, seguendo i trend grafici attuali, \u00e8 stato minimalizzato, snellito e reso ancora pi\u00f9 elegante. Il nuovo logo \u00e8 il risultato di un\u2019evoluzione di quello storico, reso nel restyling definitivo pi\u00f9 lineare, essenziale e forte per sottolineare nei suoi tratti i valori del brand. Il nuovo logo, cos\u00ec come Renord, \u00e8 quindi al passo con i tempi e in linea con i trend del momento che richiamano il minimal, la pulizia e l\u2019eleganza. In occasione del 50esimo anniversario e per tutta la durata dell\u2019anno 2020 il nuovo logo sar\u00e0 accompagnato da una grafica speciale, riportante il numero 50.\u00a0<\/span><\/p>\n<h2><b>Eventi e iniziative per dipendenti e clienti\u00a0<\/b><\/h2>\n<p><span style=\"font-weight: 400;\">Durante tutto il 2020 Renord attiver\u00e0 una campagna dedicata all\u2019anniversario su mezzi pubblici di Milano e Monza, circuiti di cartellonistica, social media e radio per celebrare questo importante traguardo con il pubblico. Verso la fine dell\u2019anno sar\u00e0 inoltre organizzata una festa per tutti i dipendenti con ospiti VIP, spettacoli di artisti e performer, per celebrare insieme questo importante traguardo. Non solo: per tutti i follower delle pagine social di Renord e per i clienti che passeranno dalla concessionaria saranno previste tante sorprese e iniziative dedicate.\u00a0<\/span><\/p>\n<p><i><span style=\"font-weight: 400;\">Renord, concessionaria Renault, Nissan e Dacia, opera nel mercato dell\u2019automobile da oltre 40 anni: con sette sedi, tra servizio vendita e assistenza, presenti sul territorio di Milano, Sesto San Giovanni e Monza, \u00e8 tra i pi\u00f9 importanti concessionari della Lombardia.<\/p>\n<p><strong>Powered by free press releases service area-press.eu<\/strong><br \/>\n<\/span><\/i><\/p>\n","protected":false},"excerpt":{"rendered":"<p>Nuovo logo, eventi e concorsi per i clienti, per celebrare la storia di una tra le maggiori concessionarie auto del Nord Italia.\u00a0 Renord, la storia.\u00a0 Quest\u2019anno, la concessionaria Renord compie 50 anni. \u00c8 infatti dalla sua fondazione, avvenuta nel 1970, che la concessionaria opera nel mercato dell\u2019automobile, diventando negli anni leader nel nord Italia per [&hellip;]<\/p>\n","protected":false},"author":4517,"featured_media":0,"comment_status":"open","ping_status":"open","sticky":false,"template":"","format":"standard","meta":{"footnotes":""},"categories":[5,29],"tags":[],"class_list":["post-47877","post","type-post","status-publish","format-standard","hentry","category-aziendali","category-comunicati"],"_links":{"self":[{"href":"https:\/\/www.area-press.eu\/comunicatistampa\/wp-json\/wp\/v2\/posts\/47877","targetHints":{"allow":["GET"]}}],"collection":[{"href":"https:\/\/www.area-press.eu\/comunicatistampa\/wp-json\/wp\/v2\/posts"}],"about":[{"href":"https:\/\/www.area-press.eu\/comunicatistampa\/wp-json\/wp\/v2\/types\/post"}],"author":[{"embeddable":true,"href":"https:\/\/www.area-press.eu\/comunicatistampa\/wp-json\/wp\/v2\/users\/4517"}],"replies":[{"embeddable":true,"href":"https:\/\/www.area-press.eu\/comunicatistampa\/wp-json\/wp\/v2\/comments?post=47877"}],"version-history":[{"count":3,"href":"https:\/\/www.area-press.eu\/comunicatistampa\/wp-json\/wp\/v2\/posts\/47877\/revisions"}],"predecessor-version":[{"id":47968,"href":"https:\/\/www.area-press.eu\/comunicatistampa\/wp-json\/wp\/v2\/posts\/47877\/revisions\/47968"}],"wp:attachment":[{"href":"https:\/\/www.area-press.eu\/comunicatistampa\/wp-json\/wp\/v2\/media?parent=47877"}],"wp:term":[{"taxonomy":"category","embeddable":true,"href":"https:\/\/www.area-press.eu\/comunicatistampa\/wp-json\/wp\/v2\/categories?post=47877"},{"taxonomy":"post_tag","embeddable":true,"href":"https:\/\/www.area-press.eu\/comunicatistampa\/wp-json\/wp\/v2\/tags?post=47877"}],"curies":[{"name":"wp","href":"https:\/\/api.w.org\/{rel}","templated":true}]}}