{"id":478,"date":"2015-07-21T21:54:45","date_gmt":"2015-07-21T19:54:45","guid":{"rendered":"http:\/\/www.area-press.eu\/comunicatistampa\/?p=478"},"modified":"2018-10-28T18:24:56","modified_gmt":"2018-10-28T17:24:56","slug":"de-pierro-fa-lelogio-di-femyna-e-attacca-la-politica","status":"publish","type":"post","link":"https:\/\/www.area-press.eu\/comunicatistampa\/2015\/07\/21\/de-pierro-fa-lelogio-di-femyna-e-attacca-la-politica\/","title":{"rendered":"De Pierro fa l\u2019elogio di Femyna e attacca la politica"},"content":{"rendered":"<h4><em>Il presidente dell\u2019Italia dei Diritti \u00e8 intervenuto all\u2019inaugurazione del nuovo punto vendita al centro di Roma: \u201cPrendere atto che, nonostante le difficolt\u00e0, c\u2019\u00e8 chi, con impegno e caparbiet\u00e0, pu\u00f2 ancora essere eletto a emblema di successo imprenditoriale, mantiene vive le speranze di poter vedere un giorno la palingenesi del nostro paese\u201d<\/em><\/h4>\n<p class=\"yiv6713532645msonormal\"><strong><\/strong><\/p>\n<p class=\"yiv6713532645msonormal\">Roma &#8211; Faceva tanto caldo su via del Tritone, a Roma, l\u2019altro pomeriggio, di quello che ti frena il respiro e ti fa inseguire ovunque scampoli di frescura, quando per uscire di casa c\u2019\u00e8 bisogno di una pi\u00f9 che valida ragione. Eppure una ressa indicibile ha invaso gi\u00e0 prima delle 18, orario fissato per l\u2019inizio dell\u2019evento, la storica via nel cuore della Capitale. E la circostanza in questione d\u2019altronde ben valeva il sacrificio di affrontare la canicola stagionale: la celebrazione che ha sancito il sinergico connubio tra i due brand Max Clan (by Kasia Zurakowska) e Roberta Tannoia, fusisi nel termine Femyna per denominare il nuovo punto vendita inaugurato nell\u2019occasione. I due marchi, che si sono fatti largo con prepotenza negli ultimi anni nell\u2019arduo mercato delle calzature femminili spingendo forte sul pedale dell\u2019originalit\u00e0 e della raffinatezza, sono bastati ad accendere la fiamma della curiosit\u00e0 di tanti che per\u00f2 si sono dovuti accontentare di guardare dall\u2019esterno lo sfavillio delle vetrine policrome, essendo l\u2019accesso rigorosamente riservato agli invitati. E tra questi hanno risposto in tanti, tra cui molti volti noti, per la gioia dell\u2019esercito di fotografi, gi\u00e0 posizionato dal primo pomeriggio per scatenare i flash. Tra i primi ad arrivare una conturbante Maria Mons\u00e8, avvolta in un lungo ed elegantissimo abito, che \u00e8 scappata via poco dopo perch\u00e9 attesa a un altro evento. Poi \u00e8 stata la volta di Simona Borioni, della bellissima ex Miss Italia Tania Zamparo, di Janet de Nardis e di Angela Achilli. Subito dopo \u00e8 giunto il giornalista Antonello De Pierro, presidente dell\u2019Italia dei Diritti e direttore di Italymedia.it, storica voce dell\u2019etere dell\u2019Italia Centrale dove ha imperversato per due lustri dalle frequenze di Radio Roma, emittente di cui \u00e8 stato direttore per dieci anni.<\/p>\n<p class=\"yiv6713532645msonormal\">Dopo le tante foto di rito De Pierro ha visitato l\u2019esposizione di scarpe elogiando il lavoro svolto negli anni dai due marchi e dichiarando: \u201c<em>In un periodo di crisi nel settore produttivo come quello che stiamo vivendo, il fatto che una realt\u00e0 imprenditoriale continui a proporre investimenti mirando a una crescita nell\u2019area di competenza va salutato con estremo entusiasmo. In tempi normali farebbe parte di una naturale progettualit\u00e0 aziendale, ma attualmente \u00e8 un\u2019iniziativa commendevole. Abbiamo assistito negli ultimi anni a una politica sottomessa alla speculazione finanziaria che, da un lato ha favorito un\u2019economia dominata dal paradigma tecnocratico e plutocratico della massima produzione a tutti i costi, dall\u2019altro ha imposto l\u2019austerit\u00e0 ai corpi collettivi riducendo drasticamente il potere d\u2019acquisto con risultati devastanti per gran parte di quella stessa economia. E non basta poi propagandare incentivi alle imprese, per cercare di anestetizzare le coscienze e confondere il libero convincimento. Ci\u00f2 equivale solo a prolungarne l\u2019agonia nelle sabbie mobili della gi\u00e0 assiomatica e lapalissiana impossibilit\u00e0 investitiva, con i rubinetti finanche dei prestiti capitalizzativi sigillati, per una ormai inevitabile condanna a morte, non prima per\u00f2 di aver spremuto il limone ancora un po\u2019. Ho detto che l\u2019iniziativa di Femyna \u00e8 commendevole, ma forse \u00e8 giusto aggiungere anche molto coraggiosa. Da sempre sostengo la necessit\u00e0 di ridurre la pressione fiscale e compensare il gettito perso con l\u2019eliminazione degli sprechi e con una pi\u00f9 serrata lotta alla corruzione. Solo cos\u00ec, con l\u2019aumento dei consumi, pu\u00f2 ripartire l\u2019economia. Ma non sembra certo che chi in questo momento gestisce la cosa pubblica cerchi la soluzione in questa direzione. Fortunatamente ci troviamo oggi al cospetto di una realt\u00e0 aziendale che sfida quotidianamente tali congiunture e ne esce vincente, perci\u00f2 dobbiamo inchinarci e far sentire forte il nostro plauso. Sono felice di essere qui e ringrazio per l\u2019invito il mio amico di vecchia data Francesco Caruso Litrico, perch\u00e9 prendere atto che, nonostante le difficolt\u00e0, c\u2019\u00e8 chi, con impegno e caparbiet\u00e0, pu\u00f2 ancora essere eletto a emblema di successo imprenditoriale, mantiene vive le speranze di poter vedere un giorno la palingenesi del nostro paese<\/em>\u201d.<\/p>\n<p>&nbsp;<\/p>\n<p class=\"yiv6713532645msonormal\">Tra gli altri intervenuti vanno citati Jinny Steffan, Giulia Luzi, Sofia Bruscoli, Alessio Di Clemente, Nathalie Caldonazzo, Gazebo, Elisabetta Pellini, Gi\u00f2 Di Giorgio, Emmanuelle D\u2019Alterio e Turchese Baracchi.<\/p>\n","protected":false},"excerpt":{"rendered":"<p>Il presidente dell\u2019Italia dei Diritti \u00e8 intervenuto all\u2019inaugurazione del nuovo punto vendita al centro di Roma: \u201cPrendere atto che, nonostante le difficolt\u00e0, c\u2019\u00e8 chi, con impegno e caparbiet\u00e0, pu\u00f2 ancora essere eletto a emblema di successo imprenditoriale, mantiene vive le speranze di poter vedere un giorno la palingenesi del nostro paese\u201d Roma &#8211; Faceva tanto [&hellip;]<\/p>\n","protected":false},"author":33,"featured_media":0,"comment_status":"open","ping_status":"open","sticky":false,"template":"","format":"standard","meta":{"footnotes":""},"categories":[4,8,13],"tags":[142,610,624,159,105,631,636,617,620,645,641,618,643,632,626,640,629,106,612,621,630,639,638,635,622,633,613,627,634,644,642,611,619,614,646,616,107,637,628,623,625,609,615,608],"class_list":["post-478","post","type-post","status-publish","format-standard","hentry","category-attualita-e-societa","category-eventi","category-politica","tag-alba-parietti","tag-angela-achilli","tag-angelo-bernabucci","tag-anna-galiena","tag-antonello-de-pierro","tag-barbora-bobulova","tag-beppe-signori","tag-castrocaro","tag-christian-de-sica","tag-cinzia-leone","tag-enrico-lo-verso","tag-festival-di-sanremo","tag-francesco-pannofino","tag-francesco-venditti","tag-gabriel-garko","tag-giancarlo-giannini","tag-gianmarco-tognazzi","tag-italia-dei-diritti","tag-janet-de-nardis","tag-jerry-cala","tag-luca-lionello","tag-marco-bocci","tag-maria-grazia-cucinotta","tag-mario-merola","tag-massimo-boldi","tag-massimo-bonetti","tag-massimo-troisi","tag-max-parodi","tag-mia-martini","tag-monica-scattini","tag-naike-rivelli","tag-nathalie-caldonazzo","tag-neri-parenti","tag-paolo-calissano","tag-pino-ammendola","tag-pino-quartullo","tag-radio-roma","tag-raoul-bova","tag-roberto-malone","tag-sabrina-salerno","tag-serena-grandi","tag-simona-borioni","tag-stefano-bonaga","tag-tania-zamparo"],"_links":{"self":[{"href":"https:\/\/www.area-press.eu\/comunicatistampa\/wp-json\/wp\/v2\/posts\/478","targetHints":{"allow":["GET"]}}],"collection":[{"href":"https:\/\/www.area-press.eu\/comunicatistampa\/wp-json\/wp\/v2\/posts"}],"about":[{"href":"https:\/\/www.area-press.eu\/comunicatistampa\/wp-json\/wp\/v2\/types\/post"}],"author":[{"embeddable":true,"href":"https:\/\/www.area-press.eu\/comunicatistampa\/wp-json\/wp\/v2\/users\/33"}],"replies":[{"embeddable":true,"href":"https:\/\/www.area-press.eu\/comunicatistampa\/wp-json\/wp\/v2\/comments?post=478"}],"version-history":[{"count":2,"href":"https:\/\/www.area-press.eu\/comunicatistampa\/wp-json\/wp\/v2\/posts\/478\/revisions"}],"predecessor-version":[{"id":35012,"href":"https:\/\/www.area-press.eu\/comunicatistampa\/wp-json\/wp\/v2\/posts\/478\/revisions\/35012"}],"wp:attachment":[{"href":"https:\/\/www.area-press.eu\/comunicatistampa\/wp-json\/wp\/v2\/media?parent=478"}],"wp:term":[{"taxonomy":"category","embeddable":true,"href":"https:\/\/www.area-press.eu\/comunicatistampa\/wp-json\/wp\/v2\/categories?post=478"},{"taxonomy":"post_tag","embeddable":true,"href":"https:\/\/www.area-press.eu\/comunicatistampa\/wp-json\/wp\/v2\/tags?post=478"}],"curies":[{"name":"wp","href":"https:\/\/api.w.org\/{rel}","templated":true}]}}