{"id":47770,"date":"2020-02-22T02:09:38","date_gmt":"2020-02-22T01:09:38","guid":{"rendered":"https:\/\/www.area-press.eu\/comunicatistampa\/?p=47770"},"modified":"2020-02-22T02:09:38","modified_gmt":"2020-02-22T01:09:38","slug":"tessitorericevimenti-it-organizza-il-matrimonio-in-maschera-presso-villa-marta-villa-ricevimenti-roma","status":"publish","type":"post","link":"https:\/\/www.area-press.eu\/comunicatistampa\/2020\/02\/22\/tessitorericevimenti-it-organizza-il-matrimonio-in-maschera-presso-villa-marta-villa-ricevimenti-roma\/","title":{"rendered":"TessitoreRicevimenti.it organizza il matrimonio in maschera presso Villa Marta, villa ricevimenti Roma."},"content":{"rendered":"<p>A breve sar\u00e0 Carnevale, una delle festivit\u00e0 pi\u00f9 amate da adulti e bambini, basti pensare ai colori e all\u2019allegria che trasmette, un\u2019idea perfetta da cui prendere spunto per il proprio matrimonio quindi potrebbe essere a tema \u2018MASCHERE\u2019?<\/p>\n<p>Villa Marta \u00e8 la location ideale.<\/p>\n<p>Immersa in un parco verde, offre la possibilit\u00e0 di svolgere il rito civile in loco nel giardino principale dove i vostri ospiti rigorosamente in maschera, potranno assistere allo scambio delle promesse e poi lanciarvi il classico conetto con dentro riso, petali e coriandoli colorati.<\/p>\n<p>Il ricevimento si sposterebbe poi nell\u2019ampio salone di Villa Marta, dove ciascun ospite, all\u2019ingresso, potr\u00e0 dilettarsi a trovare il proprio nome sul tableau, il tema personalizzato con le varie maschere pi\u00f9 famose sar\u00e0 il fiore all\u2019occhiello del vostro indimenticabile matrimonio.<\/p>\n<p>All\u2019interno del salone principale di Villa Marta ci sar\u00e0 poi il photo booth, potrete divertirvi con i vostri ospiti scattando simpatiche foto mentre indossate parrucche, maschere, baffi e cappelli di ogni genere.<\/p>\n<p>Per il taglio della torta, potreste sfruttare il magnifico bordo piscina di Villa Marta, provate ad immaginarlo, una meravigliosa wedding cake adornata da piume e maschere veneziane e alle vostre spalle lo spettacolo delle fontane luminose.<\/p>\n<p>Per concludere il tutto potrete deliziare i vostri ospiti con una confettata coloratissima in uno degli splendidi giardini illuminati a led.<\/p>\n<p>Insomma, se volete osare un po\u2019 con il tema del vostro matrimonio rimanendo per\u00f2 eleganti, Villa Marta \u00e8 la location perfetta e il sig. Tessitore insieme a tutto lo staff faranno in modo di realizzare ogni vostro desiderio!<\/p>\n<p>Villa Marta by Tessitore Ricevimenti<br \/>\nVilla Ricevimenti Roma &#8211; Villa Matrimonio Roma<br \/>\nVia Tommaso Traetta 141, 00124 Roma<br \/>\nTEL 0650934514<br \/>\n<a href=\"http:\/\/www.tessitorericevimenti.it\">http:\/\/www.tessitorericevimenti.it<\/a><\/p>\n","protected":false},"excerpt":{"rendered":"<p>A breve sar\u00e0 Carnevale, una delle festivit\u00e0 pi\u00f9 amate da adulti e bambini, basti pensare ai colori e all\u2019allegria che trasmette, un\u2019idea perfetta da cui prendere spunto per il proprio matrimonio quindi potrebbe essere a tema \u2018MASCHERE\u2019? Villa Marta \u00e8 la location ideale. Immersa in un parco verde, offre la possibilit\u00e0 di svolgere il rito [&hellip;]<\/p>\n","protected":false},"author":4887,"featured_media":0,"comment_status":"open","ping_status":"open","sticky":false,"template":"","format":"standard","meta":{"footnotes":""},"categories":[4,5,29,8,9],"tags":[24362,8881,1111,17155],"class_list":["post-47770","post","type-post","status-publish","format-standard","hentry","category-attualita-e-societa","category-aziendali","category-comunicati","category-eventi","category-gastronomia","tag-villa-matrimonio","tag-villa-matrimonio-roma","tag-villa-ricevimenti","tag-villa-ricevimenti-roma"],"_links":{"self":[{"href":"https:\/\/www.area-press.eu\/comunicatistampa\/wp-json\/wp\/v2\/posts\/47770","targetHints":{"allow":["GET"]}}],"collection":[{"href":"https:\/\/www.area-press.eu\/comunicatistampa\/wp-json\/wp\/v2\/posts"}],"about":[{"href":"https:\/\/www.area-press.eu\/comunicatistampa\/wp-json\/wp\/v2\/types\/post"}],"author":[{"embeddable":true,"href":"https:\/\/www.area-press.eu\/comunicatistampa\/wp-json\/wp\/v2\/users\/4887"}],"replies":[{"embeddable":true,"href":"https:\/\/www.area-press.eu\/comunicatistampa\/wp-json\/wp\/v2\/comments?post=47770"}],"version-history":[{"count":1,"href":"https:\/\/www.area-press.eu\/comunicatistampa\/wp-json\/wp\/v2\/posts\/47770\/revisions"}],"predecessor-version":[{"id":47771,"href":"https:\/\/www.area-press.eu\/comunicatistampa\/wp-json\/wp\/v2\/posts\/47770\/revisions\/47771"}],"wp:attachment":[{"href":"https:\/\/www.area-press.eu\/comunicatistampa\/wp-json\/wp\/v2\/media?parent=47770"}],"wp:term":[{"taxonomy":"category","embeddable":true,"href":"https:\/\/www.area-press.eu\/comunicatistampa\/wp-json\/wp\/v2\/categories?post=47770"},{"taxonomy":"post_tag","embeddable":true,"href":"https:\/\/www.area-press.eu\/comunicatistampa\/wp-json\/wp\/v2\/tags?post=47770"}],"curies":[{"name":"wp","href":"https:\/\/api.w.org\/{rel}","templated":true}]}}