{"id":47723,"date":"2020-02-22T02:09:36","date_gmt":"2020-02-22T01:09:36","guid":{"rendered":"https:\/\/www.area-press.eu\/comunicatistampa\/?p=47723"},"modified":"2020-02-22T02:09:36","modified_gmt":"2020-02-22T01:09:36","slug":"giardini-verticali-a-roma-perche-sceglierli","status":"publish","type":"post","link":"https:\/\/www.area-press.eu\/comunicatistampa\/2020\/02\/22\/giardini-verticali-a-roma-perche-sceglierli\/","title":{"rendered":"Giardini verticali a Roma: perch\u00e9 sceglierli?"},"content":{"rendered":"<h2>I giardini verticali a Roma sono una delle grandi novit\u00e0 del momento, quindi vale proprio la pena di scoprire qualche informazione in pi\u00f9 su queste soluzioni green<\/h2>\n<p>Oggi si fa un gran parlare di green e di piante, ed ecco che i <a href=\"https:\/\/www.giardiniverticali.com\/\">giardini verticali a Roma<\/a> possono diventare una soluzione quantomai preziosa. Soprattutto se \u00e8 tua intenzione abbellire uno spazio interno, magari per un\u2019esposizione, e nel mentre regalargli anche una <strong>bella boccata d\u2019ossigeno<\/strong>. S\u00ec, perch\u00e9 questi pannelli con piante si adattano a meraviglia a qualsiasi spazio al chiuso, e poi donano all\u2019ambiente un tocco di\u2026 ambiente. Ecco perch\u00e9 oggi scopriremo insieme <strong>cosa sono i giardini verticali<\/strong>, e per quale motivo sceglierli.<\/p>\n<h3>Cos\u2019\u00e8 un giardino verticale e a cosa serve?<\/h3>\n<p>Non c\u2019\u00e8 bisogno di volare troppo con la fantasia, perch\u00e9 il loro nome spiega gi\u00e0 l\u2019essenza di questi complementi. Volendo sintetizzare, ecco la risposta migliore: si tratta di pannelli da appendere al muro, <strong>che ospitano al loro interno un vero e proprio giardino<\/strong>. Quindi un set di piante (in certi casi a decine) che vivono e crescono all\u2019interno di questa cornice. Sebbene in apparenza possa sembrare un qualcosa di impossibile, in realt\u00e0 dietro ai giardini verticali c\u2019\u00e8 uno studio vecchio di anni. Anni che son serviti appunto per progettare <strong>queste meraviglie green<\/strong>, dal sapore naturale e dall\u2019estetica davvero accattivante.<\/p>\n<p>Entrando un po\u2019 di pi\u00f9 nel dettaglio, possiamo aggiungere quanto segue: i <strong>giardini verticali a Roma<\/strong> sono tantissimi, in termini di tipologie, e possono adattarsi ai gusti e alle esigenze di chiunque. Troviamo quelli pi\u00f9 piccoli e compatti, che somigliano a veri e propri <strong>quadretti da appendere al muro<\/strong>, e i pannelli pi\u00f9 grandi, che possono essere equiparati ad un\u2019opera d\u2019arte. Come sono fatti? Senza scadere troppo nei tecnicismi, questi allestimenti vedono la presenza di uno <strong>strato inerbito<\/strong> che \u201cnasconde\u201d a sua volta un impianto di fertirrigazione particolarmente efficiente. Inoltre \u00e8 presente anche un impianto di retroilluminazione, che ha la capacit\u00e0 di aggiungere altro fascino a questo pannello.<\/p>\n<h3>Quali sono i grandi vantaggi del giardino verticale?<\/h3>\n<p>Investire nei <strong>giardini verticali a Roma<\/strong> vuol dire regalarsi un qualcosa di unico e inimitabile, innanzitutto per una questione di green. Appendere questi quadretti o allestire una parete interamente ricoperta dal pannello, infatti, significa ricreare un <strong>piccolo angolo di paradiso in casa propria<\/strong>. E siccome oggi questo \u201ccolore\u201d \u00e8 sempre pi\u00f9 raro, nelle citt\u00e0 ingrigite dallo smog, ecco che possiamo davvero dare una svolta alla nostra quotidianit\u00e0. Perch\u00e9 tornare a casa ed essere accolti da questo spettacolo, \u00e8 un qualcosa che non ha (e non pu\u00f2 avere) un prezzo.<\/p>\n<p>Senza poi considerare tutti i benefici garantiti da <strong>un\u2019installazione che \u00e8 arte nuda e cruda<\/strong>, nata dal pennello di madre natura, ma rifinita dagli esperti e dalla tecnologia. Persino la cornice, a suo modo, partecipa all\u2019effetto naturale, dato che \u00e8 possibile sceglierla ad esempio in legno. Chi invece desidera un prodotto pi\u00f9 adatto ad una casa in stile moderno o minimal, pu\u00f2 scegliere le <strong>cornici in plexiglass o in metallo<\/strong>. Ed \u00e8 tutto fatto a mano, impianto di irrigazione compreso.<\/p>\n","protected":false},"excerpt":{"rendered":"<p>I giardini verticali a Roma sono una delle grandi novit\u00e0 del momento, quindi vale proprio la pena di scoprire qualche informazione in pi\u00f9 su queste soluzioni green Oggi si fa un gran parlare di green e di piante, ed ecco che i giardini verticali a Roma possono diventare una soluzione quantomai preziosa. Soprattutto se \u00e8 [&hellip;]<\/p>\n","protected":false},"author":241,"featured_media":0,"comment_status":"open","ping_status":"open","sticky":false,"template":"","format":"standard","meta":{"footnotes":""},"categories":[18],"tags":[],"class_list":["post-47723","post","type-post","status-publish","format-standard","hentry","category-altri-vari"],"_links":{"self":[{"href":"https:\/\/www.area-press.eu\/comunicatistampa\/wp-json\/wp\/v2\/posts\/47723","targetHints":{"allow":["GET"]}}],"collection":[{"href":"https:\/\/www.area-press.eu\/comunicatistampa\/wp-json\/wp\/v2\/posts"}],"about":[{"href":"https:\/\/www.area-press.eu\/comunicatistampa\/wp-json\/wp\/v2\/types\/post"}],"author":[{"embeddable":true,"href":"https:\/\/www.area-press.eu\/comunicatistampa\/wp-json\/wp\/v2\/users\/241"}],"replies":[{"embeddable":true,"href":"https:\/\/www.area-press.eu\/comunicatistampa\/wp-json\/wp\/v2\/comments?post=47723"}],"version-history":[{"count":1,"href":"https:\/\/www.area-press.eu\/comunicatistampa\/wp-json\/wp\/v2\/posts\/47723\/revisions"}],"predecessor-version":[{"id":47724,"href":"https:\/\/www.area-press.eu\/comunicatistampa\/wp-json\/wp\/v2\/posts\/47723\/revisions\/47724"}],"wp:attachment":[{"href":"https:\/\/www.area-press.eu\/comunicatistampa\/wp-json\/wp\/v2\/media?parent=47723"}],"wp:term":[{"taxonomy":"category","embeddable":true,"href":"https:\/\/www.area-press.eu\/comunicatistampa\/wp-json\/wp\/v2\/categories?post=47723"},{"taxonomy":"post_tag","embeddable":true,"href":"https:\/\/www.area-press.eu\/comunicatistampa\/wp-json\/wp\/v2\/tags?post=47723"}],"curies":[{"name":"wp","href":"https:\/\/api.w.org\/{rel}","templated":true}]}}