{"id":47719,"date":"2020-02-22T02:09:36","date_gmt":"2020-02-22T01:09:36","guid":{"rendered":"https:\/\/www.area-press.eu\/comunicatistampa\/?p=47719"},"modified":"2020-08-09T23:35:28","modified_gmt":"2020-08-09T21:35:28","slug":"mezzavera-anticipando-lalbum-desordio-in-uscita-a-gennaio-2020-e-grattacieli-il-nuovo-singolo-della-giovane-cantautrice-romana","status":"publish","type":"post","link":"https:\/\/www.area-press.eu\/comunicatistampa\/2020\/02\/22\/mezzavera-anticipando-lalbum-desordio-in-uscita-a-gennaio-2020-e-grattacieli-il-nuovo-singolo-della-giovane-cantautrice-romana\/","title":{"rendered":"Mezzavera: anticipando l\u2019album d\u2019esordio in uscita a gennaio 2020 \u00e8 \u201cGrattacieli\u201d il nuovo singolo della giovane cantautrice romana"},"content":{"rendered":"<p style=\"text-align: center\"><i><span style=\"font-weight: 400\">L\u2019equilibrio instabile di una vertigine prende forma in una canzone.<\/span><\/i><\/p>\n<p><img loading=\"lazy\" decoding=\"async\" class=\"alignnone size-medium aligncenter\" src=\"https:\/\/www.earone.it\/newsimages\/mezzavera-grattacieli.jpg___th_320_0.jpg\" width=\"320\" height=\"320\" \/><\/p>\n<p>&nbsp;<\/p>\n<p><span style=\"font-weight: 400\">I grattacieli di New York, i grattacieli di Tokyo, <\/span><b>i grattacieli dentro la testa di ognuno di noi.<\/b><span style=\"font-weight: 400\"> Alti, imponenti, bucano il cielo, costruzioni apparentemente insormontabili. Costruzioni che non si sa come affrontare, come decifrare, come scalare. Sono fatte di dubbi, di occhi, di paure, di speranze, di certezze, di presenze. Ad ogni piano, ad ogni finestra c&#8217;\u00e8 una domanda e bisogna trovare il modo di rispondere. E quando finalmente ci si trova in vetta, si ha la sensazione che le nuvole vogliano giocare con te e che il sole ti tagli la faccia a met\u00e0.<\/span><\/p>\n<p><span style=\"font-weight: 400\">E allora si hanno <\/span><b>due scelte<\/b><span style=\"font-weight: 400\">: scendere a ritroso i piani del grattacielo e mettersi a riparo, o si pu\u00f2 restare in bilico sul cornicione dell&#8217;ultimo piano e cadere gi\u00f9. Farsi avvolgere, farsi cullare, farsi cogliere alla sprovvista da un brivido alla schiena che, forse, porter\u00e0 le risposte che si cercavano nel percorso. E allora ci si butta, si cade gi\u00f9, nel vuoto. E si spera.<\/span><\/p>\n<p><i><span style=\"font-weight: 400\">\u00abGrattacieli \u00e8 una canzone con la quale ho voluto raccontare, con un inchiostro nero che muta e si colora, le perplessit\u00e0 e l&#8217;esplosione emotiva che una storia agli sgoccioli ti incide dentro, in <\/span><\/i><b><i>un perfetto equilibrio tra dolore e malinconia<\/i><\/b><i><span style=\"font-weight: 400\">, come le spine di una rosa dentro il palmo di una mano\u00bb. <\/span><\/i><b>Mezzavera<\/b><\/p>\n<p><iframe loading=\"lazy\" title=\"Mezzavera - Grattacieli\" width=\"500\" height=\"281\" src=\"https:\/\/www.youtube.com\/embed\/a4F79Nin0Ng?feature=oembed\" frameborder=\"0\" allow=\"accelerometer; autoplay; clipboard-write; encrypted-media; gyroscope; picture-in-picture; web-share\" referrerpolicy=\"strict-origin-when-cross-origin\" allowfullscreen><\/iframe><\/p>\n<p>&nbsp;<\/p>\n<p><b>Radio date: 13 dicembre 2019<\/b><\/p>\n<p><b>Pubblicazione album: gennaio 2020<\/b><\/p>\n<p><b>Autoproduzione<\/b><\/p>\n<p><b>BIO<\/b><\/p>\n<p><b>Cecilia Spinelli, in arte Mezzavera<\/b><span style=\"font-weight: 400\">, nasce a Roma classe &#8217;95. Nel 2019 pubblica <\/span><b>il primo singolo \u201cLuna Bugiarda\u201d<\/b><span style=\"font-weight: 400\"> con la produzione e l\u2019arrangiamento di Matteo Costanzo ed affronta le prime significative esperienze live in diversi locali della Capitale. <\/span><b>Nel 2019 scrive il suo primo album \u201cVizi Capitali\u201d, in pubblicazione nel 2020<\/b><span style=\"font-weight: 400\">; l\u2019originalit\u00e0 dei brani di questo album \u00e8 rappresentata da una particolare attenzione ai testi, tutti in lingua italiana, e ad una variet\u00e0 delle atmosfere anche all\u2019interno della medesima canzone, miscelando momenti di intensa intimit\u00e0 ad altri dove a prevalere sono l\u2019ironia ed il divertimento. La scrittura \u00e8 tagliente e attenta a creare immagini che restano impresse nella mente dopo un singolo ascolto.\u00a0<\/span><\/p>\n<p><span style=\"font-weight: 400\">Con il singolo &#8220;Luna Bugiarda&#8221; Mezzavera partecipa al contest <\/span><b>Lazio Sound<\/b><span style=\"font-weight: 400\"> organizzato dalla Regione Lazio dove si classifica tra i finalisti della sezione Indie e vince il <\/span><b>Premio della Critica assegnato dal MEI<\/b><span style=\"font-weight: 400\"> (Meeting delle Etichette Indipendenti). Ad ottobre prende quindi parte al <\/span><b>Festival di Faenza 2019<\/b><span style=\"font-weight: 400\"> dove si esibisce sul palco principale di Piazza del Popolo in apertura della serata live di Morgan e dei Negrita. A novembre prende parte alla programmazione della Milano Music Week come ospite del MEI.\u00a0<\/span><\/p>\n<p><span style=\"font-weight: 400\">Il 19 Dicembre 2019 si esibir\u00e0 al <\/span><b>&#8220;Let it beer&#8221;<\/b><span style=\"font-weight: 400\"> con un live di presentazione del suo progetto in anteprima, all&#8217;interno del quale presenter\u00e0 <\/span><b>il video<\/b><span style=\"font-weight: 400\"> del prossimo singolo &#8220;Grattacieli&#8221;, <\/span><b>in uscita il 20 dicembre<\/b><span style=\"font-weight: 400\">. Nella prossima primavera affronter\u00e0 un <\/span><b>mini-tour che la vedr\u00e0 impegnata in Giappone<\/b><span style=\"font-weight: 400\"> in tre serate presso alcuni locali di Tokyo.\u00a0<\/span><\/p>\n<p>&nbsp;<\/p>\n<p><b>Contatti e social<\/b><\/p>\n<p><b>IG: mezzavera_<\/b><\/p>\n<p><b>FACEBOOK: <\/b><a href=\"https:\/\/www.facebook.com\/mezzavera\"><b>https:\/\/www.facebook.com\/mezzavera<\/b><\/a><\/p>\n","protected":false},"excerpt":{"rendered":"<p>L\u2019equilibrio instabile di una vertigine prende forma in una canzone. &nbsp; I grattacieli di New York, i grattacieli di Tokyo, i grattacieli dentro la testa di ognuno di noi. Alti, imponenti, bucano il cielo, costruzioni apparentemente insormontabili. Costruzioni che non si sa come affrontare, come decifrare, come scalare. Sono fatte di dubbi, di occhi, di [&hellip;]<\/p>\n","protected":false},"author":4383,"featured_media":0,"comment_status":"open","ping_status":"open","sticky":false,"template":"","format":"standard","meta":{"footnotes":""},"categories":[12],"tags":[4244,26367,690,3583],"class_list":["post-47719","post","type-post","status-publish","format-standard","hentry","category-musica","tag-cantautorato","tag-mezzavera","tag-nuovo-singolo","tag-video"],"_links":{"self":[{"href":"https:\/\/www.area-press.eu\/comunicatistampa\/wp-json\/wp\/v2\/posts\/47719","targetHints":{"allow":["GET"]}}],"collection":[{"href":"https:\/\/www.area-press.eu\/comunicatistampa\/wp-json\/wp\/v2\/posts"}],"about":[{"href":"https:\/\/www.area-press.eu\/comunicatistampa\/wp-json\/wp\/v2\/types\/post"}],"author":[{"embeddable":true,"href":"https:\/\/www.area-press.eu\/comunicatistampa\/wp-json\/wp\/v2\/users\/4383"}],"replies":[{"embeddable":true,"href":"https:\/\/www.area-press.eu\/comunicatistampa\/wp-json\/wp\/v2\/comments?post=47719"}],"version-history":[{"count":1,"href":"https:\/\/www.area-press.eu\/comunicatistampa\/wp-json\/wp\/v2\/posts\/47719\/revisions"}],"predecessor-version":[{"id":47721,"href":"https:\/\/www.area-press.eu\/comunicatistampa\/wp-json\/wp\/v2\/posts\/47719\/revisions\/47721"}],"wp:attachment":[{"href":"https:\/\/www.area-press.eu\/comunicatistampa\/wp-json\/wp\/v2\/media?parent=47719"}],"wp:term":[{"taxonomy":"category","embeddable":true,"href":"https:\/\/www.area-press.eu\/comunicatistampa\/wp-json\/wp\/v2\/categories?post=47719"},{"taxonomy":"post_tag","embeddable":true,"href":"https:\/\/www.area-press.eu\/comunicatistampa\/wp-json\/wp\/v2\/tags?post=47719"}],"curies":[{"name":"wp","href":"https:\/\/api.w.org\/{rel}","templated":true}]}}