{"id":47706,"date":"2020-02-19T20:03:49","date_gmt":"2020-02-19T19:03:49","guid":{"rendered":"https:\/\/www.area-press.eu\/comunicatistampa\/?p=47706"},"modified":"2020-02-19T20:03:49","modified_gmt":"2020-02-19T19:03:49","slug":"claudio-machetti-dal-banco-di-roma-alla-global-business-line-di-enel","status":"publish","type":"post","link":"https:\/\/www.area-press.eu\/comunicatistampa\/2020\/02\/19\/claudio-machetti-dal-banco-di-roma-alla-global-business-line-di-enel\/","title":{"rendered":"Claudio Machetti, dal Banco di Roma alla Global Business Line di Enel"},"content":{"rendered":"<p><em><strong>Esperto in Statistica, <a title=\"Claudio Machetti, executive manager\" href=\"https:\/\/www.executivemanager.it\/Claudio-Machetti\/\">Claudio Machetti<\/a> inizia come impiegato e analista finanziario presso il Banco di Roma: grazie ai successi ottenuti, negli anni arriva a conquistare incarichi di crescente responsabilit\u00e0 in realt\u00e0 dall&#8217;appeal internazionale. <\/strong><\/em><\/p>\n<p><a title=\"Claudio Machetti: executive manager\" href=\"https:\/\/www.executivemanager.it\/Claudio-Machetti\/\"><img decoding=\"async\" src=\"https:\/\/www.executivemanager.it\/images\/comprofiler\/0_5abbca3e5fde7.jpg\" alt=\"Claudio Machetti\" width=\"120\" \/><\/a><\/p>\n<h2>Claudio Machetti, i primi anni della sua carriera professionale<\/h2>\n<p><strong>Claudio Machetti<\/strong> , attuale Direttore della Global Trading Business Line di Enel, \u00e8 laureato in Scienze Statistiche. La sua carriera professionale prende avvio presso Banco di Roma: qui lavora inizialmente nella filiale di Milano e, in meno di dieci anni, gli viene affidato il ruolo di Responsabile Nucleo Analisti Finanziari, con la responsabilit\u00e0 di coordinare le analisi dei gruppi industriali italiani pi\u00f9 rilevanti. Il riconoscimento delle sue capacit\u00e0 finanziarie arriva nel 1992, anno in cui viene chiamato da Ferrovie dello Stato per ricoprire la carica di Responsabile dell&#8217;Unit\u00e0 Mercati Finanziari: in un contesto societario complicato da ristrutturazioni e cambiamenti, in soli quattro anni Claudio Machetti diventa Direttore della Finanza Operativa.<\/p>\n<h2>Claudio Machetti, l&#8217;ascesa in Enel<\/h2>\n<p>Il ruolo di Direttore non \u00e8 l&#8217;unico traguardo raggiunto da <strong><a title=\"Claudio Machetti - profilo executive manager\" href=\"https:\/\/www.executivemanager.it\/Claudio-Machetti\/\">Claudio Machetti<\/a><\/strong> in quel periodo: nel 1996 infatti viene nominato anche Amministratore Delegato di Fercredit, controllata da FS e nata con l&#8217;obiettivo di supportare il Gruppo attraverso servizi finanziari captive. Nel 2000, viene assunto in Enel con il ruolo di Responsabile della Finanza. Come nelle precedenti esperienze, fin da subito riesce ad incidere nelle strategie del Gruppo fondando Enelfactor, societ\u00e0 controllata di factoring captive per la quale \u00e8 Amministratore Delegato: nello stesso anno \u00e8 anche responsabile della nascita e primo Direttore di Enel Re (poi Enel Insurance. Nel 2004 si aggiunge la presidenza sia di Fondenel che di Fopen, ma il passo pi\u00f9 importante \u00e8 la conquista della Direzione Finanziaria del Gruppo, carica che lo porter\u00e0 a contribuire all&#8217;acquisizione di Endesa e a diventarne membro del Consiglio di Amministrazione (in precedenza era stato consigliere di Wind e Terna). Gli incarichi e le responsabilit\u00e0 aumentano sempre di pi\u00f9: dal 2009 <strong>Claudio Machetti<\/strong> \u00e8 Direttore della nuova Divisione Risk Management fino al 2014, anno in cui passa a dirigere la Global Trading Business Line del Gruppo.<\/p>\n","protected":false},"excerpt":{"rendered":"<p>Esperto in Statistica, Claudio Machetti inizia come impiegato e analista finanziario presso il Banco di Roma: grazie ai successi ottenuti, negli anni arriva a conquistare incarichi di crescente responsabilit\u00e0 in realt\u00e0 dall&#8217;appeal internazionale. Claudio Machetti, i primi anni della sua carriera professionale Claudio Machetti , attuale Direttore della Global Trading Business Line di Enel, \u00e8 [&hellip;]<\/p>\n","protected":false},"author":5188,"featured_media":0,"comment_status":"open","ping_status":"open","sticky":false,"template":"","format":"standard","meta":{"footnotes":""},"categories":[5,29],"tags":[19530,12227],"class_list":["post-47706","post","type-post","status-publish","format-standard","hentry","category-aziendali","category-comunicati","tag-claudio-machetti","tag-enel"],"_links":{"self":[{"href":"https:\/\/www.area-press.eu\/comunicatistampa\/wp-json\/wp\/v2\/posts\/47706","targetHints":{"allow":["GET"]}}],"collection":[{"href":"https:\/\/www.area-press.eu\/comunicatistampa\/wp-json\/wp\/v2\/posts"}],"about":[{"href":"https:\/\/www.area-press.eu\/comunicatistampa\/wp-json\/wp\/v2\/types\/post"}],"author":[{"embeddable":true,"href":"https:\/\/www.area-press.eu\/comunicatistampa\/wp-json\/wp\/v2\/users\/5188"}],"replies":[{"embeddable":true,"href":"https:\/\/www.area-press.eu\/comunicatistampa\/wp-json\/wp\/v2\/comments?post=47706"}],"version-history":[{"count":1,"href":"https:\/\/www.area-press.eu\/comunicatistampa\/wp-json\/wp\/v2\/posts\/47706\/revisions"}],"predecessor-version":[{"id":47707,"href":"https:\/\/www.area-press.eu\/comunicatistampa\/wp-json\/wp\/v2\/posts\/47706\/revisions\/47707"}],"wp:attachment":[{"href":"https:\/\/www.area-press.eu\/comunicatistampa\/wp-json\/wp\/v2\/media?parent=47706"}],"wp:term":[{"taxonomy":"category","embeddable":true,"href":"https:\/\/www.area-press.eu\/comunicatistampa\/wp-json\/wp\/v2\/categories?post=47706"},{"taxonomy":"post_tag","embeddable":true,"href":"https:\/\/www.area-press.eu\/comunicatistampa\/wp-json\/wp\/v2\/tags?post=47706"}],"curies":[{"name":"wp","href":"https:\/\/api.w.org\/{rel}","templated":true}]}}