{"id":47692,"date":"2020-02-19T20:03:48","date_gmt":"2020-02-19T19:03:48","guid":{"rendered":"https:\/\/www.area-press.eu\/comunicatistampa\/?p=47692"},"modified":"2020-02-19T20:03:48","modified_gmt":"2020-02-19T19:03:48","slug":"eni-avvia-il-supercalcolatore-hpc5-lad-claudio-descalzi-alla-cerimonia-di-inaugurazione","status":"publish","type":"post","link":"https:\/\/www.area-press.eu\/comunicatistampa\/2020\/02\/19\/eni-avvia-il-supercalcolatore-hpc5-lad-claudio-descalzi-alla-cerimonia-di-inaugurazione\/","title":{"rendered":"Eni avvia il supercalcolatore Hpc5: l\u2019AD Claudio Descalzi alla cerimonia di inaugurazione"},"content":{"rendered":"<p><em><strong>Innovazione tecnologica a servizio della sostenibilit\u00e0 energetica: l&#8217;AD di Eni <a title=\"Cladio Descalzi: Eni lancia supercomputer hpc5\" href=\"http:\/\/www.affaritaliani.it\/coffee\/video\/economia\/descalzi-eni-il-mare-energia-non-mai-stato-cosi-mosso-651184.html\">Claudio Descalzi<\/a> presenta il supercalcolatore Hpc5.<\/strong> <\/em><\/p>\n<p><a title=\"Claudio Descalzi: Eni lancia supercomputer hpc5\" href=\"http:\/\/www.affaritaliani.it\/coffee\/video\/economia\/descalzi-eni-il-mare-energia-non-mai-stato-cosi-mosso-651184.html\"><img loading=\"lazy\" decoding=\"async\" src=\"http:\/\/h2biz.net\/images\/Plats\/crop_min_20190605172755.jpg\" alt=\"Claudio Descalzi, AD Eni\" width=\"130\" height=\"130\" \/><\/a><\/p>\n<h2>Eni inaugura il nuovo supercomputer Hpc5: le dichiarazioni dell&#8217;AD Claudio Descalzi<\/h2>\n<p><em>&#8220;Oggi Eni inaugura un&#8217;infrastruttura di supercalcolo dalle caratteristiche uniche al mondo in ambito industriale, in grado di potenziare e perfezionare ancora i pi\u00f9 complessi processi aziendali a supporto delle attivit\u00e0 delle persone Eni, accelerando il nostro processo di digitalizzazione e trasformazione&#8221;<\/em>: sono sufficienti le parole dell&#8217;AD <strong>Claudio Descalzi<\/strong> per intuire il valore del progetto che ha portato il Gruppo a realizzare il pi\u00f9 potente computer al mondo in ambito industriale. Intervenendo all&#8217;inaugurazione lo scorso 6 febbraio presso il Green Data Center di Eni in provincia di Pavia, l&#8217;AD ne ha evidenziato in particolare l&#8217;apporto in relazione al percorso di transizione energetica intrapreso da tempo: <em>&#8220;\u00c8 un ulteriore passo avanti verso il traguardo globale che condividiamo con i partner tecnologici e di ricerca: rendere le energie di domani una realt\u00e0 sempre pi\u00f9 vicina&#8221;<\/em>. Come ha ricordato <strong>Claudio Descalzi<\/strong>, compito di Eni \u00e8 anche &#8220;ridurre le incertezze&#8221; e in questa prospettiva l&#8217;azienda negli ultimi sei anni \u00e8 cresciuta significativamente, <em>&#8220;in tutta la parte di calcolo e non solo in quella&#8221;<\/em>.<\/p>\n<h2>Claudio Descalzi: Hpc5, il supercalcolatore Eni \u00e8 il pi\u00f9 potente al mondo in ambito industriale<\/h2>\n<p><em>&#8220;Tutto il mondo che riguarda la nostra attivit\u00e0 \u00e8 un mondo che \u00e8 fatto di numeri, un mondo che non si vede&#8221;<\/em> ha quindi spiegato l&#8217;AD <strong><a title=\"Claudio Descalzi, supercomputer eni hpc5\" href=\"http:\/\/www.affaritaliani.it\/coffee\/video\/economia\/descalzi-eni-il-mare-energia-non-mai-stato-cosi-mosso-651184.html\">Claudio Descalzi<\/a><\/strong>: <em>&#8220;La modernizzazione che ci riguarda \u00e8 particolarmente complessa perch\u00e9 non \u00e8 risolvibile in modo analitico. Se non hai capacit\u00e0 di calcolo non hai la capacit\u00e0 di descrivere dove se e dove andrai&#8221;<\/em>. Il supporto dell&#8217;Hpc5 \u00e8 notevole: il nuovo supercalcolatore affiancando il sistema precedente (HPC4) ne triplica la potenza di calcolo portandola da 18 a 52 PetaFlop\/s, pari a 52 milioni di miliardi di operazioni matematiche svolte in un secondo. <strong>Claudio Descalzi<\/strong> ha ribadito inoltre come al progetto abbiano collaborano il Consiglio Nazionale delle Ricerche (CNR), il Politecnico di Torino, il Massachusetts Institute of Technology (MIT), la Stanford University, insieme ai partner tecnologici, Dell Technologies, Intel e Nvidia: <em>&#8220;In questi sei anni di difficolt\u00e0 per il mondo energetico l&#8217;Eni \u00e8 salita esponenzialmente nelle capacit\u00e0 di calcolo e ha aumentato il numero dei progetti di ricerca. Il time to market dalla ricerca alla messa in pratica \u00e8 di tre anni e tutti quelli che fanno ricerca sanno che \u00e8 impossibile. La pi\u00f9 grande risorsa per l&#8217;Eni quando \u00e8 nata \u00e8 stato il gas. In questo momento la pi\u00f9 grossa risorsa \u00e8 la ricerca scientifica, la tecnologia e le competenze&#8221;<\/em>.<\/p>\n","protected":false},"excerpt":{"rendered":"<p>Innovazione tecnologica a servizio della sostenibilit\u00e0 energetica: l&#8217;AD di Eni Claudio Descalzi presenta il supercalcolatore Hpc5. Eni inaugura il nuovo supercomputer Hpc5: le dichiarazioni dell&#8217;AD Claudio Descalzi &#8220;Oggi Eni inaugura un&#8217;infrastruttura di supercalcolo dalle caratteristiche uniche al mondo in ambito industriale, in grado di potenziare e perfezionare ancora i pi\u00f9 complessi processi aziendali a supporto [&hellip;]<\/p>\n","protected":false},"author":3661,"featured_media":0,"comment_status":"open","ping_status":"open","sticky":false,"template":"","format":"standard","meta":{"footnotes":""},"categories":[5,29],"tags":[11757,11758],"class_list":["post-47692","post","type-post","status-publish","format-standard","hentry","category-aziendali","category-comunicati","tag-claudio-descalzi","tag-eni"],"_links":{"self":[{"href":"https:\/\/www.area-press.eu\/comunicatistampa\/wp-json\/wp\/v2\/posts\/47692","targetHints":{"allow":["GET"]}}],"collection":[{"href":"https:\/\/www.area-press.eu\/comunicatistampa\/wp-json\/wp\/v2\/posts"}],"about":[{"href":"https:\/\/www.area-press.eu\/comunicatistampa\/wp-json\/wp\/v2\/types\/post"}],"author":[{"embeddable":true,"href":"https:\/\/www.area-press.eu\/comunicatistampa\/wp-json\/wp\/v2\/users\/3661"}],"replies":[{"embeddable":true,"href":"https:\/\/www.area-press.eu\/comunicatistampa\/wp-json\/wp\/v2\/comments?post=47692"}],"version-history":[{"count":1,"href":"https:\/\/www.area-press.eu\/comunicatistampa\/wp-json\/wp\/v2\/posts\/47692\/revisions"}],"predecessor-version":[{"id":47693,"href":"https:\/\/www.area-press.eu\/comunicatistampa\/wp-json\/wp\/v2\/posts\/47692\/revisions\/47693"}],"wp:attachment":[{"href":"https:\/\/www.area-press.eu\/comunicatistampa\/wp-json\/wp\/v2\/media?parent=47692"}],"wp:term":[{"taxonomy":"category","embeddable":true,"href":"https:\/\/www.area-press.eu\/comunicatistampa\/wp-json\/wp\/v2\/categories?post=47692"},{"taxonomy":"post_tag","embeddable":true,"href":"https:\/\/www.area-press.eu\/comunicatistampa\/wp-json\/wp\/v2\/tags?post=47692"}],"curies":[{"name":"wp","href":"https:\/\/api.w.org\/{rel}","templated":true}]}}