{"id":47648,"date":"2020-02-18T19:41:05","date_gmt":"2020-02-18T18:41:05","guid":{"rendered":"https:\/\/www.area-press.eu\/comunicatistampa\/?p=47648"},"modified":"2020-08-09T23:35:28","modified_gmt":"2020-08-09T21:35:28","slug":"teresa-de-sio-puro-desiderio-la-cantautrice-presenta-il-secondo-singolo-estratto-dallomonimo-disco-pubblicato-a-maggio-2019","status":"publish","type":"post","link":"https:\/\/www.area-press.eu\/comunicatistampa\/2020\/02\/18\/teresa-de-sio-puro-desiderio-la-cantautrice-presenta-il-secondo-singolo-estratto-dallomonimo-disco-pubblicato-a-maggio-2019\/","title":{"rendered":"TERESA DE SIO \u201cPURO DESIDERIO\u201d la cantautrice presenta il secondo singolo estratto dall\u2019omonimo disco pubblicato a maggio 2019"},"content":{"rendered":"<p style=\"text-align: center\"><i><span style=\"font-weight: 400\">Il poetico brano autobiografico fa parte di un progetto che segna una svolta assoluta &#8211; per scrittura, sonorit\u00e0 e collaborazioni &#8211; all\u2019interno del percorso professionale dell\u2019artista partenopea.<\/span><\/i><\/p>\n<p><img loading=\"lazy\" decoding=\"async\" class=\"size-medium aligncenter\" src=\"https:\/\/www.earone.it\/newsimages\/teresa_de_sio_puro_desiderio.jpg___th_320_0.jpg\" width=\"320\" height=\"320\" \/><\/p>\n<p><b>Il singolo \u201cPuro desiderio\u201d<\/b><span style=\"font-weight: 400\"> racconta di <\/span><b>una donna che, avendo perso ogni punto di riferimento, si sente come una bambina<\/b><span style=\"font-weight: 400\">: \u00ab<\/span><i><span style=\"font-weight: 400\">L\u2019abbandono in amore riporta sempre a uno stato infantile, alla paura di perdere l\u2019amore dei genitori che sono tutto il nostro cielo quando siamo piccoli. E nonostante questa condizione produca soltanto mancanza di sete, di fame, di fantasia, resta per\u00f2 intatto il potere del desiderio. Forse la pi\u00f9 autobiografica delle canzoni del disco\u00bb. <\/span><\/i><b>Teresa De Sio.<\/b><\/p>\n<p><span style=\"font-weight: 400\">Il brano \u00e8 accompagnato dal video di animazione realizzato da <\/span><b>Michele Bernardi<\/b><span style=\"font-weight: 400\"> (distribuito su tutti i canali digitali), mentre le illustrazioni di copertina del disco sono di <\/span><b>Grazia la Padula.<\/b><\/p>\n<p><iframe loading=\"lazy\" title=\"TERESA DE SIO - PURO DESIDERIO\" width=\"500\" height=\"281\" src=\"https:\/\/www.youtube.com\/embed\/YuFp3XSkrLk?feature=oembed\" frameborder=\"0\" allow=\"accelerometer; autoplay; clipboard-write; encrypted-media; gyroscope; picture-in-picture; web-share\" referrerpolicy=\"strict-origin-when-cross-origin\" allowfullscreen><\/iframe><\/p>\n<p>&nbsp;<\/p>\n<p><span style=\"font-weight: 400\">Il 03 maggio 2019 \u00e8 stato pubblicato \u201c<\/span><b>Puro Desiderio\u201d<\/b><span style=\"font-weight: 400\">,<\/span><b> l\u2019album<\/b><span style=\"font-weight: 400\"> che ha <\/span><b>segnato il passaggio in una nuova era della creativit\u00e0<\/b><span style=\"font-weight: 400\"> di Teresa De Sio.<\/span><i><span style=\"font-weight: 400\">\u00a0<\/span><\/i><\/p>\n<p><span style=\"font-weight: 400\">A due anni dall&#8217;uscita del lavoro devozionale \u201cTeresa canta Pino\u201d dedicato all&#8217;amico Pino Daniele, dopo una intensa ricerca e divulgazione sulla musica folk (testimoniata da dischi e docufilm tra cui <\/span><b>Craj<\/b><span style=\"font-weight: 400\"> premiato al Festival del Cinema di Venezia, dopo i fortunatissimi romanzi \u201cMetti il diavolo a Ballare\u201d e \u201cL&#8217;Attentissima\u201d), la cantautrice con questo disco, svela al pubblico un suo mondo musicale e poetico intimo, rimasto a lungo privato.<\/span><\/p>\n<p><span style=\"font-weight: 400\">\u00abH<\/span><i><span style=\"font-weight: 400\">o aperto una nuova, per me inedita, riflessione su me stessa, sui sentimenti, su profondit\u00e0 dentro cui fino ad oggi non avevo voluto guardare&#8230;\u00bb. <\/span><\/i><b>Teresa De Sio.<\/b><\/p>\n<p><b>Un disco che scava, parla di sentimento e suona contemporaneo.<\/b><span style=\"font-weight: 400\"> Un suono <\/span><b>elettro\/acustico potentissimo e innovativo<\/b><span style=\"font-weight: 400\">, realizzato col giovane, produttore, compositore e arrangiatore <\/span><b>Francesco Santalucia.<\/b><span style=\"font-weight: 400\"> Un mix di suoni acustici che a tratti sembrano diventare elettronici, dove le splendide orchestrazioni si fondono con percussioni, strumenti etnici, chitarre e steel, in cui il suono profondo e caldo delle registrazioni analogiche spazia in universi musicali diversi dal rock al pop d&#8217;autore diventando quasi lisergico e progressive, senza mai tradire la scrittura diretta ed evocativa di testi intimi e profondi<\/span><\/p>\n<p><b>Dieci tracce<\/b><span style=\"font-weight: 400\"> che ci appartengono nel profondo, dieci storie in cui, di quando in quando, entra la lingua napoletana, ad eccezione del brano \u201cQuante nuvole\u201d interamente in napoletano, che cattura per la contemporaneit\u00e0 nell&#8217;uso della lingua.\u00a0 <\/span><span style=\"font-weight: 400\">Ancora una volta Teresa De Sio riesce a sorprendere per la capacit\u00e0 di ricerca, per la voglia di libert\u00e0 e la capacit\u00e0 di innovare e attraversare mondi musicali solo apparentemente lontani ed unirli in modo semplice, come pi\u00f9 volte ha gi\u00e0 saputo fare nella sua carriera.\u00a0<\/span><\/p>\n<p><span style=\"font-weight: 400\">L&#8217;album \u00e8 impreziosito dal featuring di <\/span><b>Ghemon<\/b><span style=\"font-weight: 400\"> nel brano <\/span><b>\u201cIn un soffio di vento<\/b><span style=\"font-weight: 400\">\u201d, testimonianza di un&#8217;amicizia nata su un palco e che svela una comune sensibilit\u00e0 artistica e umana.<\/span><\/p>\n<p>&nbsp;<\/p>\n<p><b>Etichetta: G-RO dischi<\/b><\/p>\n<p><b>Radio date: 22 novembre 2019<\/b><\/p>\n<p><b>Pubblicazione disco: 3 maggio 2019<\/b><\/p>\n<p>&nbsp;<\/p>\n<p><b>Contatti e social<\/b><\/p>\n<p><b>Facebook <\/b><a href=\"http:\/\/www.facebook.com\/TeresaDeSioOfficial\/\"><b>www.facebook.com\/TeresaDeSioOfficial\/<\/b><\/a><\/p>\n<p><b>Instagram <\/b><a href=\"http:\/\/www.instagram.com\/teresadesiofficial\/?hl=it\"><b>www.instagram.com\/teresadesiofficial\/?hl=it<\/b><\/a><\/p>\n","protected":false},"excerpt":{"rendered":"<p>Il poetico brano autobiografico fa parte di un progetto che segna una svolta assoluta &#8211; per scrittura, sonorit\u00e0 e collaborazioni &#8211; all\u2019interno del percorso professionale dell\u2019artista partenopea. Il singolo \u201cPuro desiderio\u201d racconta di una donna che, avendo perso ogni punto di riferimento, si sente come una bambina: \u00abL\u2019abbandono in amore riporta sempre a uno stato [&hellip;]<\/p>\n","protected":false},"author":4383,"featured_media":0,"comment_status":"open","ping_status":"open","sticky":false,"template":"","format":"standard","meta":{"footnotes":""},"categories":[12],"tags":[],"class_list":["post-47648","post","type-post","status-publish","format-standard","hentry","category-musica"],"_links":{"self":[{"href":"https:\/\/www.area-press.eu\/comunicatistampa\/wp-json\/wp\/v2\/posts\/47648","targetHints":{"allow":["GET"]}}],"collection":[{"href":"https:\/\/www.area-press.eu\/comunicatistampa\/wp-json\/wp\/v2\/posts"}],"about":[{"href":"https:\/\/www.area-press.eu\/comunicatistampa\/wp-json\/wp\/v2\/types\/post"}],"author":[{"embeddable":true,"href":"https:\/\/www.area-press.eu\/comunicatistampa\/wp-json\/wp\/v2\/users\/4383"}],"replies":[{"embeddable":true,"href":"https:\/\/www.area-press.eu\/comunicatistampa\/wp-json\/wp\/v2\/comments?post=47648"}],"version-history":[{"count":3,"href":"https:\/\/www.area-press.eu\/comunicatistampa\/wp-json\/wp\/v2\/posts\/47648\/revisions"}],"predecessor-version":[{"id":47652,"href":"https:\/\/www.area-press.eu\/comunicatistampa\/wp-json\/wp\/v2\/posts\/47648\/revisions\/47652"}],"wp:attachment":[{"href":"https:\/\/www.area-press.eu\/comunicatistampa\/wp-json\/wp\/v2\/media?parent=47648"}],"wp:term":[{"taxonomy":"category","embeddable":true,"href":"https:\/\/www.area-press.eu\/comunicatistampa\/wp-json\/wp\/v2\/categories?post=47648"},{"taxonomy":"post_tag","embeddable":true,"href":"https:\/\/www.area-press.eu\/comunicatistampa\/wp-json\/wp\/v2\/tags?post=47648"}],"curies":[{"name":"wp","href":"https:\/\/api.w.org\/{rel}","templated":true}]}}