{"id":47443,"date":"2020-02-11T16:22:00","date_gmt":"2020-02-11T15:22:00","guid":{"rendered":"https:\/\/www.area-press.eu\/comunicatistampa\/?p=47443"},"modified":"2020-02-11T16:22:00","modified_gmt":"2020-02-11T15:22:00","slug":"macchine-e-trattori-agricoli-nel-2019-e-lusato-il-re-del-mercato","status":"publish","type":"post","link":"https:\/\/www.area-press.eu\/comunicatistampa\/2020\/02\/11\/macchine-e-trattori-agricoli-nel-2019-e-lusato-il-re-del-mercato\/","title":{"rendered":"Macchine e trattori agricoli: nel 2019 \u00e8 l\u2019usato il re del mercato"},"content":{"rendered":"<p>Chiusura in positivo ma con un andamento stazionario: \u00e8 questa la fotografia scattata da FederUnacoma relativa alle vendite di macchine e <strong><u><a href=\"http:\/\/www.cordinisrl.com\/\">trattori agricol<\/a>i<\/u><\/strong> nel 2019. Sono in totale 18.579 i mezzi immatricolati, per una crescita dello 0,7% rispetto all\u2019anno precedente.<\/p>\n<p>Un dato che non fa che confermare una stabilizzazione del mercato negli ultimi sei anni (dal 2014 al 2019), con una media di 18.400 unit\u00e0 vendute. Unica eccezione \u00e8 il 2017, anno caratterizzato dall\u2019immatricolazione forzata di stock di trattrici in giacenza in virt\u00f9 della nuova norma comunitaria sulle omologazioni. Seppur con il segno pi\u00f9, i dati dimostrano che c\u2019\u00e8 ancora tanto da fare dal punto di vista dell\u2019innovazione meccanica in campo agricolo rispetto ai pi\u00f9 importanti paesi europei.<\/p>\n<p>Nonostante gli incentivi a disposizione per l\u2019acquisto di nuovi mezzi, come ad esempio i bandi Isi, si registra ancora oggi un inadeguato e scarso impiego delle risorse nazionali e comunitarie per via di tempistiche non omogenee dei bandi da parte degli enti locali, che causa rapidi incrementi di immatricolazioni e fasi successive di stallo delle domande.<\/p>\n<p>Altrettanto influente \u00e8 il fattore redditivit\u00e0, ovvero la capacit\u00e0 di effettuare investimenti. Nel 2019, i redditi agricoli sono in calo del 2,6%, in virt\u00f9 del calo della produzione agricola (-1,3%) e del valore aggiunto lordo ai prezzi di base (-2,7%).<\/p>\n<p>La combinazione di questi due fattori ha prodotto un solo risultato: il boom dell\u2019usato. Le vendite di <a href=\"http:\/\/www.cordinisrl.com\/usato-agricoltura\"><strong><u>macchine agricole usate<\/u><\/strong><\/a> nello scorso anno, infatti, ammontano a 39.800 unit\u00e0, praticamente pi\u00f9 del doppio di quelle nuove. Tradotto in percentuale, questo significa che se il mercato del nuovo ha segnato un +0,7% rispetto al 2018, quello dell\u2019usato \u00e8 cresciuto del 5,3%. Ancora pi\u00f9 evidente e la differenza se consideriamo il periodo 2014-2019: se le macchine nuove sono cresciute del 2,2%, quelle usate hanno registrato un +60,7%.<\/p>\n","protected":false},"excerpt":{"rendered":"<p>Chiusura in positivo ma con un andamento stazionario: \u00e8 questa la fotografia scattata da FederUnacoma relativa alle vendite di macchine e trattori agricoli nel 2019. Sono in totale 18.579 i mezzi immatricolati, per una crescita dello 0,7% rispetto all\u2019anno precedente. Un dato che non fa che confermare una stabilizzazione del mercato negli ultimi sei anni [&hellip;]<\/p>\n","protected":false},"author":5108,"featured_media":0,"comment_status":"open","ping_status":"open","sticky":false,"template":"","format":"standard","meta":{"footnotes":""},"categories":[7],"tags":[20388,20387,20386],"class_list":["post-47443","post","type-post","status-publish","format-standard","hentry","category-economia-e-finanza","tag-macchine-agricole-usate","tag-noleggio-macchine-agricole","tag-vendita-macchine-agricole"],"_links":{"self":[{"href":"https:\/\/www.area-press.eu\/comunicatistampa\/wp-json\/wp\/v2\/posts\/47443","targetHints":{"allow":["GET"]}}],"collection":[{"href":"https:\/\/www.area-press.eu\/comunicatistampa\/wp-json\/wp\/v2\/posts"}],"about":[{"href":"https:\/\/www.area-press.eu\/comunicatistampa\/wp-json\/wp\/v2\/types\/post"}],"author":[{"embeddable":true,"href":"https:\/\/www.area-press.eu\/comunicatistampa\/wp-json\/wp\/v2\/users\/5108"}],"replies":[{"embeddable":true,"href":"https:\/\/www.area-press.eu\/comunicatistampa\/wp-json\/wp\/v2\/comments?post=47443"}],"version-history":[{"count":1,"href":"https:\/\/www.area-press.eu\/comunicatistampa\/wp-json\/wp\/v2\/posts\/47443\/revisions"}],"predecessor-version":[{"id":47444,"href":"https:\/\/www.area-press.eu\/comunicatistampa\/wp-json\/wp\/v2\/posts\/47443\/revisions\/47444"}],"wp:attachment":[{"href":"https:\/\/www.area-press.eu\/comunicatistampa\/wp-json\/wp\/v2\/media?parent=47443"}],"wp:term":[{"taxonomy":"category","embeddable":true,"href":"https:\/\/www.area-press.eu\/comunicatistampa\/wp-json\/wp\/v2\/categories?post=47443"},{"taxonomy":"post_tag","embeddable":true,"href":"https:\/\/www.area-press.eu\/comunicatistampa\/wp-json\/wp\/v2\/tags?post=47443"}],"curies":[{"name":"wp","href":"https:\/\/api.w.org\/{rel}","templated":true}]}}