{"id":47397,"date":"2020-02-11T16:20:43","date_gmt":"2020-02-11T15:20:43","guid":{"rendered":"https:\/\/www.area-press.eu\/comunicatistampa\/?p=47397"},"modified":"2020-02-11T16:20:43","modified_gmt":"2020-02-11T15:20:43","slug":"corso-e-manuale-di-dizione-italiana-a-cagliari","status":"publish","type":"post","link":"https:\/\/www.area-press.eu\/comunicatistampa\/2020\/02\/11\/corso-e-manuale-di-dizione-italiana-a-cagliari\/","title":{"rendered":"Corso e Manuale di Dizione Italiana a Cagliari"},"content":{"rendered":"<p>&nbsp;<\/p>\n<p><span style=\"font-weight: 400\">La nostra voce \u00e8 il canale attraverso il quale ci presentiamo agli altri, il mezzo con cui comunichiamo la nostra persona al mondo. Facciamoci caso. Se una persona \u00e8 particolarmente timida la sua voce ha un&#8217;intensit\u00e0 di volume bassa e l&#8217;articolazione delle parole pu\u00f2 essere poco chiara e precisa, rispecchiando esattamente la sua personalit\u00e0. Il lato emotivo di una persona incide sul suo modo di articolare le parole ed emettere i suoni. La rabbia, ad esempio, implica l&#8217;aumento del volume delle parole proferite, l&#8217;accelerazione del ritmo del discorso, l&#8217;uso di toni di diversa estensione e una certa rapidit\u00e0 nel passare da un registro sonoro ad un altro. Ne consegue che le parole dette con rabbia possano essere imprecise, poco comprensibili e che l&#8217;ascoltatore focalizzi la sua attenzione sulla modalit\u00e0 piuttosto che sul contenuto del messaggio.\u00a0 Il controllo delle emozioni \u00e8 un aspetto strettamente legato all&#8217;uso della voce: se la nostra concentrazione si focalizza su ci\u00f2 che intendiamo dire, pensando di articolare ogni lettera, il messaggio arriva in modo chiaro all&#8217;interlocutore. Non \u00e8 per\u00f2 semplicemente una questione di concentrazione e attenzione: per esplicitare l&#8217;intenzione comunicativa attraverso la parola, bisogna conoscere la grammatica della lingua, il lessico del vocabolario di base e l&#8217;italiano standard, quindi la corretta pronuncia.\u00a0<\/span><\/p>\n<p><span style=\"font-weight: 400\">La dizione studia la lingua nell&#8217;ambito della pronuncia dell&#8217;italiano standard, priva degli errori comuni legati alle inflessioni dialettali, alla pronuncia quotidiana, al luogo di origine, ai modi di dire ecc. Gli errori legati alla pronuncia si possono eliminare tramite lo studio, l&#8217;acquisizione e la pratica delle regole e degli esercizi di dizione italiana. Queste regole, sebbene possano sembrare esclusivamente teoriche, dipendono da un aspetto fisiologico: il funzionamento dell&#8217;apparato fono-articolatorio dell&#8217;essere umano. \u00c8 dunque indispensabile, al fine di un apprendimento\u00a0 della lingua in tutti i suoi aspetti, avere una conoscenza basilare delle strutture che interagiscono nel periodo che intercorre tra un&#8217;idea, e quindi un&#8217;intenzione comunicativa, alla pronuncia del messaggio da comunicare. I fattori, legati al suddetto apparato, che influenzano la pronuncia, riguardano i punti di articolazione, le caratteristiche specifiche del nostro alfabeto, la conoscenza dei suoni delle parole, degli accenti, del timbro e dell&#8217;estensione della propria voce.<\/span><\/p>\n<p><span style=\"font-weight: 400\">Per apprendere in modo corretto e stabile la dizione, \u00e8 altamente consigliabile la frequenza di un <\/span><a href=\"https:\/\/www.artistifuoriposto.com\/corsi\/laboratorio-di-lettura-espressiva-e-dizione-cagliari\/\"><b>corso di dizione italiana<\/b><\/a><span style=\"font-weight: 400\"> tenuto da un professionista che sappia valutare chiaramente le imprecisioni e gli errori degli allievi. Inoltre, un corso di gruppo consente l&#8217;apprendimento passivo della materia in esame, tramite l&#8217;ascolto e la comprensione degli errori altrui. \u00c8 forse superfluo dire che la dizione non si applica soltanto in presenza del docente, ma che \u00e8 necessario esercitarsi quotidianamente per ottenere i giusti risultati, anche utilizzando un <\/span><a href=\"http:\/\/www.artistifuoriposto.com\/corsi\/laboratorio-di-lettura-espressiva-e-dizione-cagliari\/manuale-di-dizione-italiana\/\"><b>manuale di dizione italiana<\/b><\/a><span style=\"font-weight: 400\"> apposito. Gli esercizi sono soltanto un mezzo per raggiungere l&#8217;obiettivo di una comunicazione efficace, libera da inflessioni e accenti regionali, che si adatti alle esigenze poste dal contesto in cui si parla e al pubblico a cui ci si rivolge, i quali non devono essere necessariamente inerenti all&#8217;ambito lavorativo e professionale di un soggetto. L&#8217;unica motivazione fondamentale affinch\u00e9 si stabilisca il giusto approccio alla materia \u00e8 la volont\u00e0 di presentarsi agli altri in un modo piuttosto che in un altro.<\/span><\/p>\n","protected":false},"excerpt":{"rendered":"<p>&nbsp; La nostra voce \u00e8 il canale attraverso il quale ci presentiamo agli altri, il mezzo con cui comunichiamo la nostra persona al mondo. Facciamoci caso. Se una persona \u00e8 particolarmente timida la sua voce ha un&#8217;intensit\u00e0 di volume bassa e l&#8217;articolazione delle parole pu\u00f2 essere poco chiara e precisa, rispecchiando esattamente la sua personalit\u00e0. [&hellip;]<\/p>\n","protected":false},"author":5961,"featured_media":0,"comment_status":"open","ping_status":"open","sticky":false,"template":"","format":"standard","meta":{"footnotes":""},"categories":[3],"tags":[7416,26243,26247,25659,26242,26246,25648,26245,25647,26244,26248],"class_list":["post-47397","post","type-post","status-publish","format-standard","hentry","category-arte-e-cultura","tag-corsi-di-dizione","tag-corsi-di-dizione-italiana","tag-corsi-di-dizione-italiana-a-cagliari","tag-corso-di-dizione","tag-corso-di-dizione-italiana","tag-corso-di-dizione-italiana-a-cagliari","tag-laboratori-di-dizione","tag-laboratori-di-dizione-italiana","tag-laboratorio-di-dizione","tag-laboratorio-di-dizione-italiana","tag-manuale-di-dizione-italiana"],"_links":{"self":[{"href":"https:\/\/www.area-press.eu\/comunicatistampa\/wp-json\/wp\/v2\/posts\/47397","targetHints":{"allow":["GET"]}}],"collection":[{"href":"https:\/\/www.area-press.eu\/comunicatistampa\/wp-json\/wp\/v2\/posts"}],"about":[{"href":"https:\/\/www.area-press.eu\/comunicatistampa\/wp-json\/wp\/v2\/types\/post"}],"author":[{"embeddable":true,"href":"https:\/\/www.area-press.eu\/comunicatistampa\/wp-json\/wp\/v2\/users\/5961"}],"replies":[{"embeddable":true,"href":"https:\/\/www.area-press.eu\/comunicatistampa\/wp-json\/wp\/v2\/comments?post=47397"}],"version-history":[{"count":1,"href":"https:\/\/www.area-press.eu\/comunicatistampa\/wp-json\/wp\/v2\/posts\/47397\/revisions"}],"predecessor-version":[{"id":47398,"href":"https:\/\/www.area-press.eu\/comunicatistampa\/wp-json\/wp\/v2\/posts\/47397\/revisions\/47398"}],"wp:attachment":[{"href":"https:\/\/www.area-press.eu\/comunicatistampa\/wp-json\/wp\/v2\/media?parent=47397"}],"wp:term":[{"taxonomy":"category","embeddable":true,"href":"https:\/\/www.area-press.eu\/comunicatistampa\/wp-json\/wp\/v2\/categories?post=47397"},{"taxonomy":"post_tag","embeddable":true,"href":"https:\/\/www.area-press.eu\/comunicatistampa\/wp-json\/wp\/v2\/tags?post=47397"}],"curies":[{"name":"wp","href":"https:\/\/api.w.org\/{rel}","templated":true}]}}