{"id":47368,"date":"2020-02-11T16:20:42","date_gmt":"2020-02-11T15:20:42","guid":{"rendered":"https:\/\/www.area-press.eu\/comunicatistampa\/?p=47368"},"modified":"2020-02-11T16:20:42","modified_gmt":"2020-02-11T15:20:42","slug":"raffaella-di-caprio-e-miky-falcicchio-per-carla-sanchez-le-dichiarazioni-di-tommaso-di-tondo","status":"publish","type":"post","link":"https:\/\/www.area-press.eu\/comunicatistampa\/2020\/02\/11\/raffaella-di-caprio-e-miky-falcicchio-per-carla-sanchez-le-dichiarazioni-di-tommaso-di-tondo\/","title":{"rendered":"Raffaella Di Caprio e Miky Falcicchio per Carla Sanchez: le dichiarazioni di Tommaso Di Tondo"},"content":{"rendered":"<p><strong>Raffaella Di Caprio<\/strong> e <strong>Miky Falcicchio<\/strong> sono i testimonial della prima campagna pubblicitaria nazionale di <strong>Carla Sanchez<\/strong>. Il famoso brand di calzature e borse da donna ha scelto due personaggi famosi per la sua prima campagna pubblicitaria nazionale.<\/p>\n<p><img decoding=\"async\" src=\"https:\/\/www.facebook.com\/carlasanchezcalzature\/photos\/a.107920017439832\/107969310768236\/?type=1&amp;theater\" alt=\"Raffaella Di Caprio e Miky Falcicchio per Carla Sanchez\" \/><\/p>\n<p>L\u2019affascinante e bravissima attrice della serie tv \u201c<strong>Furore 2<\/strong>\u201d, Raffaella Di Caprio, \u00e8 la protagonista della nuova collezione primavera-estate 2020. Determinazione, personalit\u00e0, libert\u00e0 e indipendenza sono le caratteristiche femminili che ispirano la nuova collezione. Raffaella Di Caprio rappresenta a pieno queste peculiarit\u00e0 e l\u2019essenza femminile contemporanea, forte, poliedrica e sognatrice del brand.<\/p>\n<p>\u00abQuesta \u00e8 la prima campagna pubblicitaria di rilievo nazionale per Carla Sanchez \u2013 afferma il titolare e fondatore del marchio <strong>Tommaso Di Tondo<\/strong> \u2013, dopo ben 14 anni di attivit\u00e0. La scelta di avere un\u2019attrice italiana come testimonial \u00e8 stata motivata proprio dal desiderio di sottolineare il valore del Made in Italy, che si distingue sempre dalla manifattura d\u2019importazione per lo stile e la qualit\u00e0 dei materiali utilizzati per la realizzazione dei prodotti calzaturieri\u00bb.<\/p>\n<p><img decoding=\"async\" src=\"https:\/\/www.facebook.com\/photo.php?fbid=1389386201240561&amp;set=a.112428548936339&amp;type=3&amp;theater\" alt=\"Tommaso Di Tondo\" \/><\/p>\n<p>Gli scatti del fashion e street photographer Checco De Tullio racchiudono l\u2019essenza della nuova collezione, che \u00e8 gi\u00e0 disponibile nella boutique di Carla Sanchez e nello shop online, fatta di grande particolarit\u00e0 e grinta che da sempre contraddistinguono il noto marchio di calzature e borse. Una collezione attuale e dinamica che lega creativit\u00e0, unicit\u00e0 e comfort nello stile.<\/p>\n<p>Inoltre Carla Sanchez e il fashion testimonial Miky Falcicchio si uniscono per celebrare una nuova e proficua collaborazione, creando la prima capsule collection uomo all\u2019insegna del pragmatismo e del gioco di squadra che celebra i valori, la storia e la cultura dell\u2019Italian Style.<\/p>\n<p>\u00ab\u00c8 nata subito una bella sinergia \u2013 sottolinea Tommaso Di Tondo &#8211; tra me e Miky Falcicchio, professionista eccellente e intraprendente con una capacit\u00e0 organizzativa ineccepibile, ed \u00e8 proprio da questa collaborazione che prende vita l\u2019idea di ampliare gli orizzonti commerciali di Carla Sanchez che, pur restando un brand prettamente femminile, per la prima volta apre con grande orgoglio le porte al mondo maschile presentando la prima linea di calzature per l\u2019uomo\u00bb.<\/p>\n<p>L\u2019obiettivo di questa prima collezione di calzature uomo con protagonista Mister Italia 2010 \u00e8 guardare sempre avanti con fiducia, positivit\u00e0 e ottimismo con una campagna che \u00e8 l&#8217;espressione di una modernit\u00e0 che rifiuta le etichette ed esprime l\u2019ethos della bellezza, della forza, dello stile e dell\u2019artigianalit\u00e0.<\/p>\n<p>La campagna pubblicitaria \u00e8 stata interamente organizzata e girata a Trani, come fortemente desiderato dal titolare del brand, la cui proposta \u00e8 stata accolta con grande entusiasmo da entrambi i testimonial che hanno avuto modo di apprezzare ancora di pi\u00f9 la bellezza, il patrimonio artistico e la storia della citt\u00e0 pugliese mediante un intenso e suggestivo itinerario fotografico caratterizzato da importanti attrazioni turistiche, come la Cattedrale sul mare e il \u201cMuseo delle carrozze&#8221; di propriet\u00e0 della nobile famiglia Telesio.<\/p>\n<p>LA STORIA DI CARLA SANCHEZ<\/p>\n<p>Carla Sanchez \u00e8 un marchio di calzature e borse da donna fondato e guidato da Tommaso Di Tondo. Nasce nel 2006 a Trani e il nome del brand trae origine da un curioso aneddoto legato a una manifestazione fieristica a Madrid durante la quale Di Tondo si avvale della collaborazione dell\u2019interprete \u201cCarlita Sanchez\u201d, una donna di grande bellezza e intraprendenza. Proprio queste caratteristiche ispirano Tommaso, il quale per il suo brand sostituisce il nome \u201cCarlita\u201d con \u201cCarla\u201d per sottolineare l\u2019essenza e il valore del Made In Italy.<\/p>\n<p>La produzione delle calzature e degli accessori \u00e8 infatti da sempre affidata ad aziende italiane, per lo pi\u00f9 pugliesi, con lo scopo di valorizzare il territorio e garantire costantemente la qualit\u00e0 della manifattura attraverso un\u2019accurata selezione dei fornitori e delle materie prime per soddisfare a pieno qualunque esigenza del mondo femminile, offrendo un\u2019ampia variet\u00e0 di modelli e colori, pur riuscendo sempre a contenere sempre il costo finale del prodotto.<\/p>\n<p>Nell\u2019arco di soli tre mesi le calzature \u201cCarla Sanchez\u201d vengono distribuite in pi\u00f9 di 50 punti vendita in Puglia. A questo punto Tommaso, entusiasta per la rapida diffusione del brand, punta all\u2019espansione del marchio in Italia. Nell\u2019arco di soli due anni le calzature Carla Sanchez giungono in oltre 500 punti vendita.<\/p>\n<p>Alla successiva Fiera Internazionale della calzatura di Milano, denominata \u201cMicam\u201d, il brand presenta le sue collezioni, che da quel momento in poi diventano note in tutta Europa.<\/p>\n<p>Il prossimo obiettivo del titolare del marchio \u00e8 conquistare il mercato americano.<\/p>\n<p>Per ulteriori informazioni seguite la<a href=\"https:\/\/www.facebook.com\/carlasanchezcalzature\/?__xts__[0]=68.ARBZgYsGVZh4z-3e_6eCZLgN2Vst0I_FKX7ueiPEryVI-Feu0owDQExc6E-tlis-ThIv9UkvhX5EPKNwGTjyRzXGqm-P2c6DpPfIo98xNusl50usV2O_M_ISoHvI9i74fqX30ZektFLw0WUpIbKsxiXz4Vngc6anDZcw8cbFyoF6SdCPSx8i1xBY_AgaBPBVSdOJqAwx0ezl3Jj0lVwG4tvxCbMdu811SfYVWqbpMmzWzJ2mfO_jF_UcmVMkVy_ucwmcFGwLABCEClCPgGqWCn_UwdixhiJsr8NeTNzI96UO7L0vjlmug2inQkBuhU2539ZwIzVet8AN00DXByjT0nGeMxbDzQ\">\u00a0pagina Facebook<\/a>,<a href=\"https:\/\/www.instagram.com\/carla_sanchez_official\/?hl=it\">\u00a0l\u2019account Instagram<\/a>\u00a0e il\u00a0<a href=\"https:\/\/www.carlasanchezcalzature.com\/\">sito shop di Carla Sanchez<\/a>.<\/p>\n","protected":false},"excerpt":{"rendered":"<p>Raffaella Di Caprio e Miky Falcicchio sono i testimonial della prima campagna pubblicitaria nazionale di Carla Sanchez. Il famoso brand di calzature e borse da donna ha scelto due personaggi famosi per la sua prima campagna pubblicitaria nazionale. L\u2019affascinante e bravissima attrice della serie tv \u201cFurore 2\u201d, Raffaella Di Caprio, \u00e8 la protagonista della nuova [&hellip;]<\/p>\n","protected":false},"author":6088,"featured_media":0,"comment_status":"open","ping_status":"open","sticky":false,"template":"","format":"standard","meta":{"footnotes":""},"categories":[29],"tags":[26230,1029,25787,771,26231,26232],"class_list":["post-47368","post","type-post","status-publish","format-standard","hentry","category-comunicati","tag-carla-sanchez","tag-fashion","tag-miky-falcicchio","tag-moda","tag-raffaella-di-caprio","tag-tommaso-di-tondo"],"_links":{"self":[{"href":"https:\/\/www.area-press.eu\/comunicatistampa\/wp-json\/wp\/v2\/posts\/47368","targetHints":{"allow":["GET"]}}],"collection":[{"href":"https:\/\/www.area-press.eu\/comunicatistampa\/wp-json\/wp\/v2\/posts"}],"about":[{"href":"https:\/\/www.area-press.eu\/comunicatistampa\/wp-json\/wp\/v2\/types\/post"}],"author":[{"embeddable":true,"href":"https:\/\/www.area-press.eu\/comunicatistampa\/wp-json\/wp\/v2\/users\/6088"}],"replies":[{"embeddable":true,"href":"https:\/\/www.area-press.eu\/comunicatistampa\/wp-json\/wp\/v2\/comments?post=47368"}],"version-history":[{"count":1,"href":"https:\/\/www.area-press.eu\/comunicatistampa\/wp-json\/wp\/v2\/posts\/47368\/revisions"}],"predecessor-version":[{"id":47369,"href":"https:\/\/www.area-press.eu\/comunicatistampa\/wp-json\/wp\/v2\/posts\/47368\/revisions\/47369"}],"wp:attachment":[{"href":"https:\/\/www.area-press.eu\/comunicatistampa\/wp-json\/wp\/v2\/media?parent=47368"}],"wp:term":[{"taxonomy":"category","embeddable":true,"href":"https:\/\/www.area-press.eu\/comunicatistampa\/wp-json\/wp\/v2\/categories?post=47368"},{"taxonomy":"post_tag","embeddable":true,"href":"https:\/\/www.area-press.eu\/comunicatistampa\/wp-json\/wp\/v2\/tags?post=47368"}],"curies":[{"name":"wp","href":"https:\/\/api.w.org\/{rel}","templated":true}]}}