{"id":47193,"date":"2020-02-03T18:23:16","date_gmt":"2020-02-03T17:23:16","guid":{"rendered":"https:\/\/www.area-press.eu\/comunicatistampa\/?p=47193"},"modified":"2020-08-09T23:42:06","modified_gmt":"2020-08-09T21:42:06","slug":"jesto-felice-dal-nuovo-album-indiejesto","status":"publish","type":"post","link":"https:\/\/www.area-press.eu\/comunicatistampa\/2020\/02\/03\/jesto-felice-dal-nuovo-album-indiejesto\/","title":{"rendered":"JESTO  \u201cFelice\u201d dal nuovo album \u201cIndieJesto\u201d"},"content":{"rendered":"<p style=\"text-align: center\"><i><span style=\"font-weight: 400\">\u00abEssere felice di non essere felice\u00bb Soprattutto se la felicit\u00e0 \u00e8 quella ostentata e forzata dei social network.<\/span><\/i><\/p>\n<p>&nbsp;<\/p>\n<p><img loading=\"lazy\" decoding=\"async\" class=\"alignnone size-medium aligncenter\" src=\"https:\/\/www.earone.it\/newsimages\/jesto_Felice_(1).jpg___th_320_0.jpg\" width=\"320\" height=\"320\" \/><\/p>\n<p>&nbsp;<\/p>\n<p><span style=\"font-weight: 400\">Meglio dichiarare onestamente la propria infelicit\u00e0 piuttosto che fingere una vita di soddisfazioni. \u201c<\/span><i><span style=\"font-weight: 400\">Felice<\/span><\/i><span style=\"font-weight: 400\">\u201d \u00e8 una delle tracce di \u201c<\/span><i><span style=\"font-weight: 400\">IndieJesto<\/span><\/i><span style=\"font-weight: 400\">\u201d, l\u2019album di Jesto pubblicato a sorpresa lo scorso 20 dicembre. Un disco di rottura, inaspettato, diretto, spontaneo e coerente, scaturito da una <\/span><b>crescita artistica e personale<\/b><span style=\"font-weight: 400\">, gi\u00e0 maturata in parte con il precedente album &#8220;<\/span><i><span style=\"font-weight: 400\">Buongiorno Italia<\/span><\/i><span style=\"font-weight: 400\">&#8221; (2018), nel quale per la prima volta, l\u2019artista ha mescolato chitarre e sintetizzatori, mandolini e 808.<\/span><\/p>\n<p><span style=\"font-weight: 400\">Con \u201cIndieJesto\u201d l<\/span><b>\u2019abbandono delle sonorit\u00e0 hip-hop \u00e8 dichiarato.<\/b><span style=\"font-weight: 400\">\u00a0<\/span><\/p>\n<p><span style=\"font-weight: 400\">Jesto racconta: \u00ab<\/span><i><span style=\"font-weight: 400\">&#8220;IndieJesto&#8221; \u00e8 il mio primo disco d&#8217;amore: un progetto frutto della spontaneit\u00e0, concepito in un weekend in campagna tra il fuoco del camino ed i bicchieri di vin<\/span><\/i><span style=\"font-weight: 400\">o\u00bb. Ne emerge <\/span><b>un suono originale, volutamente asciutto e crudo<\/b><span style=\"font-weight: 400\">, con la voce e la chitarra a dominare su tutto il resto, usando gli arrangiamenti in maniera minimale. Un disco che si pu\u00f2 ricantare anche semplicemente con una chitarra in mano, come da tradizione italiana.<\/span><\/p>\n<p>&nbsp;<\/p>\n<p><a href=\"https:\/\/www.youtube.com\/watch?v=VfslDqSwkpc\">https:\/\/www.youtube.com\/watch?v=VfslDqSwkpc<\/a><\/p>\n<p><b>Crediti:<\/b><\/p>\n<p><span style=\"font-weight: 400\">Testi di Jesto, musiche di Andrea Tarquini e arrangiamenti di Romeo Gottardi.\u00a0<\/span><\/p>\n<p><span style=\"font-weight: 400\">____________________________________________________<\/span><\/p>\n<p><b>BIO<\/b><\/p>\n<p><span style=\"font-weight: 400\">Figlio del cantautore Stefano Rosso, Jesto \u00e8 noto per il suo stile ironico e dissacrante, precursore di molte tendenze dell\u2019Hip-Hop italiano. In attivit\u00e0 dal 2005, ha pubblicato 5 album ufficiali e numerosi mixtape ed EP, diventando il rapper pi\u00f9 prolifico in Italia per quanto riguarda il numero di progetti realizzati.\u00a0 <\/span><span style=\"font-weight: 400\">Nel 2018 pubblica \u201cBuongiorno Italia\u201d, con il singolo \u201cStories d\u2019amore\u201d che supera gli 8 milioni di ascolti su spotify e le 5 milioni di visualizzazioni su Youtube. Dopo questa esperienza l\u2019artista abbraccia definitivamente l&#8217;eredit\u00e0 musicale del padre, il cantautore romano Stefano Rosso, sia per quanto riguarda la parte musicale, in cui le chitarre e il sapore folk danno il carattere al nuovo sound, sia dal punto di vista dei testi, svuotati del fiume di parole tipico del rap e focalizzati su una comunicazione essenziale, fatta di meno termini.<\/span><\/p>\n<p><span style=\"font-weight: 400\">Nel 2019 esce \u201cIndieJesto\u201d, l\u2019album che segna la svolta nella carriera dell\u2019artista, che abbraccia il pop ed affronta questo cambiamento da solo, da indipendente.\u00a0<\/span><\/p>\n<p><b>Segui l\u2019artista sui canali ufficiali:<\/b> <a href=\"https:\/\/fanlink.to\/Jesto\"><b>fanlink.to\/Jesto<\/b><\/a><\/p>\n","protected":false},"excerpt":{"rendered":"<p>\u00abEssere felice di non essere felice\u00bb Soprattutto se la felicit\u00e0 \u00e8 quella ostentata e forzata dei social network. &nbsp; &nbsp; Meglio dichiarare onestamente la propria infelicit\u00e0 piuttosto che fingere una vita di soddisfazioni. \u201cFelice\u201d \u00e8 una delle tracce di \u201cIndieJesto\u201d, l\u2019album di Jesto pubblicato a sorpresa lo scorso 20 dicembre. Un disco di rottura, inaspettato, [&hellip;]<\/p>\n","protected":false},"author":4383,"featured_media":0,"comment_status":"open","ping_status":"open","sticky":false,"template":"","format":"standard","meta":{"footnotes":""},"categories":[12],"tags":[26156,690,5038],"class_list":["post-47193","post","type-post","status-publish","format-standard","hentry","category-musica","tag-jesto","tag-nuovo-singolo","tag-pop"],"_links":{"self":[{"href":"https:\/\/www.area-press.eu\/comunicatistampa\/wp-json\/wp\/v2\/posts\/47193","targetHints":{"allow":["GET"]}}],"collection":[{"href":"https:\/\/www.area-press.eu\/comunicatistampa\/wp-json\/wp\/v2\/posts"}],"about":[{"href":"https:\/\/www.area-press.eu\/comunicatistampa\/wp-json\/wp\/v2\/types\/post"}],"author":[{"embeddable":true,"href":"https:\/\/www.area-press.eu\/comunicatistampa\/wp-json\/wp\/v2\/users\/4383"}],"replies":[{"embeddable":true,"href":"https:\/\/www.area-press.eu\/comunicatistampa\/wp-json\/wp\/v2\/comments?post=47193"}],"version-history":[{"count":2,"href":"https:\/\/www.area-press.eu\/comunicatistampa\/wp-json\/wp\/v2\/posts\/47193\/revisions"}],"predecessor-version":[{"id":47196,"href":"https:\/\/www.area-press.eu\/comunicatistampa\/wp-json\/wp\/v2\/posts\/47193\/revisions\/47196"}],"wp:attachment":[{"href":"https:\/\/www.area-press.eu\/comunicatistampa\/wp-json\/wp\/v2\/media?parent=47193"}],"wp:term":[{"taxonomy":"category","embeddable":true,"href":"https:\/\/www.area-press.eu\/comunicatistampa\/wp-json\/wp\/v2\/categories?post=47193"},{"taxonomy":"post_tag","embeddable":true,"href":"https:\/\/www.area-press.eu\/comunicatistampa\/wp-json\/wp\/v2\/tags?post=47193"}],"curies":[{"name":"wp","href":"https:\/\/api.w.org\/{rel}","templated":true}]}}