{"id":47148,"date":"2020-02-03T18:20:20","date_gmt":"2020-02-03T17:20:20","guid":{"rendered":"https:\/\/www.area-press.eu\/comunicatistampa\/?p=47148"},"modified":"2020-02-03T18:20:20","modified_gmt":"2020-02-03T17:20:20","slug":"seminario-di-dianetics-hubbard-15-e-16-febbraio-a-milano","status":"publish","type":"post","link":"https:\/\/www.area-press.eu\/comunicatistampa\/2020\/02\/03\/seminario-di-dianetics-hubbard-15-e-16-febbraio-a-milano\/","title":{"rendered":"SEMINARIO DI DIANETICS HUBBARD 15 E 16 FEBBRAIO A MILANO"},"content":{"rendered":"<p><strong>Si terr\u00e0\u00a0Sabat<\/strong><strong data-blogger-escaped-style=\"color: #333333; font-family: calibri, sans-serif;\">o 15\u00a0e Domenica 16 Febbraio dalle ore 9:00 alle ore 18:00<\/strong>,\u00a0<a href=\"https:\/\/it-it.facebook.com\/scientology.milano\/\"><strong>nell&#8217;Auditorium della Chiesa in Viale Fulvio Testi 327<\/strong><\/a>.<strong>\u00a0<\/strong><em data-blogger-escaped-style=\"mso-bidi-font-style: normal;\"><a href=\"https:\/\/www.dianetics.it\/home.html\"><strong>Dianetics<\/strong><\/a><\/em><a href=\"http:\/\/www.dianetics.it\/\">\u00a0<\/a>\u00a0fornisce la completa descrizione della\u00a0<em>mente reattiva<\/em>: fonte, finora sconosciuta, di tutti i problemi, le tensioni, l&#8217;infelicit\u00e0 e i dubbi personali.\u00a0\u00c8 l\u2019anatomia e la completa descrizione di quella parte della mente\u00a0fonte degli incubi, delle paure irragionevoli, dei turbamenti e delle insicurezze che rendono schiavo l\u2019Uomo. \u00c8 quella scoperta di<strong>\u00a0L.\u00a0Ron\u00a0Hubbard<\/strong>, estesamente descritta nella sua opera\u00a0<em>Dianetics<\/em><em>: La Forza del Pensiero sul Corpo<\/em>\u201d un\u00a0Best-seller\u00a0\u00a0da oltre mezzo secolo, con una circolazione di decine di milioni di copie, tradotto in oltre cinquanta lingue e usato in pi\u00f9 di 100 paesi sulla Terra.<\/p>\n<p>\u201cVostra sar\u00e0 l&#8217;avventura di scoprire perch\u00e9 avete fatto ci\u00f2 che avete fatto quando l&#8217;avete fatto\u201d &#8211; scrive L.\u00a0Ron\u00a0Hubbard \u2013 \u201cqual era la causa delle misteriose e oscure paure che si verificavano in incubi infantili e dove risiedono i vostri momenti di piacere e dolore.\u201d<\/p>\n<p>L&#8217;avventura comincia con il Seminario di<em data-blogger-escaped-style=\"mso-bidi-font-style: normal;\">\u00a0<\/em>Dianetics Hubbard dove riceverete una guida esperta da specialisti di\u00a0<em data-blogger-escaped-style=\"mso-bidi-font-style: normal;\">Dianetics<\/em>. Parteciperete con altre persone come voi, persone pronte ad affrontare ci\u00f2 che le frena nella vita, che \u00e8 imprigionato nella mente reattiva.<\/p>\n<p><strong>Per informazioni sulla partecipazione contattare Nico De Marco al n. 347 7643133 <\/strong><strong>o Teresa Cassano al n. 320 9793723<\/strong><\/p>\n<p>&nbsp;<\/p>\n","protected":false},"excerpt":{"rendered":"<p>Si terr\u00e0\u00a0Sabato 15\u00a0e Domenica 16 Febbraio dalle ore 9:00 alle ore 18:00,\u00a0nell&#8217;Auditorium della Chiesa in Viale Fulvio Testi 327.\u00a0Dianetics\u00a0\u00a0fornisce la completa descrizione della\u00a0mente reattiva: fonte, finora sconosciuta, di tutti i problemi, le tensioni, l&#8217;infelicit\u00e0 e i dubbi personali.\u00a0\u00c8 l\u2019anatomia e la completa descrizione di quella parte della mente\u00a0fonte degli incubi, delle paure irragionevoli, dei turbamenti [&hellip;]<\/p>\n","protected":false},"author":6132,"featured_media":0,"comment_status":"open","ping_status":"open","sticky":false,"template":"","format":"standard","meta":{"footnotes":""},"categories":[29],"tags":[],"class_list":["post-47148","post","type-post","status-publish","format-standard","hentry","category-comunicati"],"_links":{"self":[{"href":"https:\/\/www.area-press.eu\/comunicatistampa\/wp-json\/wp\/v2\/posts\/47148","targetHints":{"allow":["GET"]}}],"collection":[{"href":"https:\/\/www.area-press.eu\/comunicatistampa\/wp-json\/wp\/v2\/posts"}],"about":[{"href":"https:\/\/www.area-press.eu\/comunicatistampa\/wp-json\/wp\/v2\/types\/post"}],"author":[{"embeddable":true,"href":"https:\/\/www.area-press.eu\/comunicatistampa\/wp-json\/wp\/v2\/users\/6132"}],"replies":[{"embeddable":true,"href":"https:\/\/www.area-press.eu\/comunicatistampa\/wp-json\/wp\/v2\/comments?post=47148"}],"version-history":[{"count":1,"href":"https:\/\/www.area-press.eu\/comunicatistampa\/wp-json\/wp\/v2\/posts\/47148\/revisions"}],"predecessor-version":[{"id":47149,"href":"https:\/\/www.area-press.eu\/comunicatistampa\/wp-json\/wp\/v2\/posts\/47148\/revisions\/47149"}],"wp:attachment":[{"href":"https:\/\/www.area-press.eu\/comunicatistampa\/wp-json\/wp\/v2\/media?parent=47148"}],"wp:term":[{"taxonomy":"category","embeddable":true,"href":"https:\/\/www.area-press.eu\/comunicatistampa\/wp-json\/wp\/v2\/categories?post=47148"},{"taxonomy":"post_tag","embeddable":true,"href":"https:\/\/www.area-press.eu\/comunicatistampa\/wp-json\/wp\/v2\/tags?post=47148"}],"curies":[{"name":"wp","href":"https:\/\/api.w.org\/{rel}","templated":true}]}}