{"id":47138,"date":"2020-02-03T18:20:19","date_gmt":"2020-02-03T17:20:19","guid":{"rendered":"https:\/\/www.area-press.eu\/comunicatistampa\/?p=47138"},"modified":"2020-02-03T18:20:19","modified_gmt":"2020-02-03T17:20:19","slug":"le-carte-geografiche-vintage-per-studio-o-arredamento","status":"publish","type":"post","link":"https:\/\/www.area-press.eu\/comunicatistampa\/2020\/02\/03\/le-carte-geografiche-vintage-per-studio-o-arredamento\/","title":{"rendered":"Le carte geografiche vintage per studio o arredamento"},"content":{"rendered":"<p><span style=\"font-family: verdana, geneva, sans-serif\">La cartografia del Novecento possiede un fascino unico. Rispetto ai planisferi dei secoli passati, infatti, quelle che sono comunemente denominate &#8220;carte geografiche vintage&#8221; uniscono ad una veste grafica peculiare una carica emotiva capace di risvegliare ricordi dolcissimi o di richiamare alla mente i racconti delle persone a noi care. <\/span><\/p>\n<p><span style=\"font-family: verdana, geneva, sans-serif\">Il motivo \u00e8 semplice: quando pensiamo, ad esempio, agli anni Cinquanta o Settanta non rievochiamo tempi remoti e a noi totalmente estranei: si tratta infatti di periodi che, se non abbiamo vissuto direttamente, appartengono comunque alla memoria dei nostri genitori o dei nostri nonni. <\/span><\/p>\n<p><span style=\"font-family: verdana, geneva, sans-serif\">Fanno quindi, in un certo senso, parte di noi. Si spiega cos\u00ec l&#8217;effetto che le cartine vintage suscitano al primo sguardo, coinvolgendo all&#8217;istante la mente e il cuore. <\/span><\/p>\n<p><span style=\"font-family: verdana, geneva, sans-serif\">Ed ecco perch\u00e9, in ogni casa e in ogni ambiente professionale, una carta geografica vintage rappresenta una scelta sempre azzeccata. <\/span><\/p>\n<p><span style=\"font-family: verdana, geneva, sans-serif\">Indispensabile riferimento per tantissime esigenze di studio o di lavoro, la cartina vintage offre riferimenti preziosi per conoscere il nostro pi\u00f9 recente passato e per comprendere meglio il nostro presente. <\/span><\/p>\n<p><span style=\"font-family: verdana, geneva, sans-serif\">In pi\u00f9, la sua estetica raffinata ne fa il complemento d&#8217;arredo perfetto per tutti gli stili, dal pi\u00f9 classico al pi\u00f9 moderno e di design. <\/span><\/p>\n<p><span style=\"font-family: verdana, geneva, sans-serif\">Ma come scegliere il soggetto giusto? Niente di pi\u00f9 semplice! Le carte geografiche vintage, infatti, diffondono un&#8217;atmosfera molto particolare in virt\u00f9 della loro accattivante mescolanza di vecchio e nuovo. <\/span><\/p>\n<p><span style=\"font-family: verdana, geneva, sans-serif\">Potrai quindi decidere di utilizzarle per creare ambienti &#8220;a tema&#8221; o inediti contrasti. Abbinando, ad esempio, una carta dell&#8217;Europa del 1940 a mobili da pranzo di modernariato in radica e poltrone in similpelle rossa si ottiene una zona living estremamente ricercata; la stessa cartina \u00e8 splendida per dare una nota di colore e personalit\u00e0 ad una camera da letto minimal-chic tutta in bianco. <\/span><\/p>\n<p><span style=\"font-family: verdana, geneva, sans-serif\">Hai una tavernetta arredata con pezzi country e desideri un complemento d&#8217;arredo che ne valorizzi appieno lo stile rustico? <\/span><\/p>\n<p><span style=\"font-family: verdana, geneva, sans-serif\">Opta per una carta geografica vintage tematica: con la sua rappresentazione delle caratteristiche artistiche e gastronomiche locali, sar\u00e0 il tocco di folclore ideale per l&#8217;atmosfera che vuoi creare. <\/span><\/p>\n<p><span style=\"font-family: verdana, geneva, sans-serif\">Grazie ai suoi bellissimi disegni, la stessa cartina costituisce un&#8217;attrattiva irresistibile per bambini e ragazzi: inserita nella cameretta, quindi, decora in modo originale e aiuta i pi\u00f9 piccoli ad imparare divertendosi.<\/span><\/p>\n<h3><a href=\"https:\/\/www.visceglia.it\/it\/92-carte-geografiche-vintage\"><span style=\"font-family: verdana, geneva, sans-serif\">Ulteriori informazioni &gt;&gt;<\/span><\/a><\/h3>\n","protected":false},"excerpt":{"rendered":"<p>La cartografia del Novecento possiede un fascino unico. Rispetto ai planisferi dei secoli passati, infatti, quelle che sono comunemente denominate &#8220;carte geografiche vintage&#8221; uniscono ad una veste grafica peculiare una carica emotiva capace di risvegliare ricordi dolcissimi o di richiamare alla mente i racconti delle persone a noi care. Il motivo \u00e8 semplice: quando pensiamo, [&hellip;]<\/p>\n","protected":false},"author":2943,"featured_media":0,"comment_status":"open","ping_status":"open","sticky":false,"template":"","format":"standard","meta":{"footnotes":""},"categories":[29],"tags":[26139],"class_list":["post-47138","post","type-post","status-publish","format-standard","hentry","category-comunicati","tag-carte-geografiche-vintage"],"_links":{"self":[{"href":"https:\/\/www.area-press.eu\/comunicatistampa\/wp-json\/wp\/v2\/posts\/47138","targetHints":{"allow":["GET"]}}],"collection":[{"href":"https:\/\/www.area-press.eu\/comunicatistampa\/wp-json\/wp\/v2\/posts"}],"about":[{"href":"https:\/\/www.area-press.eu\/comunicatistampa\/wp-json\/wp\/v2\/types\/post"}],"author":[{"embeddable":true,"href":"https:\/\/www.area-press.eu\/comunicatistampa\/wp-json\/wp\/v2\/users\/2943"}],"replies":[{"embeddable":true,"href":"https:\/\/www.area-press.eu\/comunicatistampa\/wp-json\/wp\/v2\/comments?post=47138"}],"version-history":[{"count":1,"href":"https:\/\/www.area-press.eu\/comunicatistampa\/wp-json\/wp\/v2\/posts\/47138\/revisions"}],"predecessor-version":[{"id":47139,"href":"https:\/\/www.area-press.eu\/comunicatistampa\/wp-json\/wp\/v2\/posts\/47138\/revisions\/47139"}],"wp:attachment":[{"href":"https:\/\/www.area-press.eu\/comunicatistampa\/wp-json\/wp\/v2\/media?parent=47138"}],"wp:term":[{"taxonomy":"category","embeddable":true,"href":"https:\/\/www.area-press.eu\/comunicatistampa\/wp-json\/wp\/v2\/categories?post=47138"},{"taxonomy":"post_tag","embeddable":true,"href":"https:\/\/www.area-press.eu\/comunicatistampa\/wp-json\/wp\/v2\/tags?post=47138"}],"curies":[{"name":"wp","href":"https:\/\/api.w.org\/{rel}","templated":true}]}}