{"id":47085,"date":"2020-01-28T20:00:29","date_gmt":"2020-01-28T19:00:29","guid":{"rendered":"https:\/\/www.area-press.eu\/comunicatistampa\/?p=47085"},"modified":"2020-01-28T20:00:29","modified_gmt":"2020-01-28T19:00:29","slug":"la-lavorazione-artistica-del-marmo-di-massimo-caramia-antichissima-e-sempre-attuale","status":"publish","type":"post","link":"https:\/\/www.area-press.eu\/comunicatistampa\/2020\/01\/28\/la-lavorazione-artistica-del-marmo-di-massimo-caramia-antichissima-e-sempre-attuale\/","title":{"rendered":"La lavorazione artistica del marmo di Massimo Caramia: antichissima e sempre attuale"},"content":{"rendered":"<p lang=\"it-IT\">La produzione artistica marmorea realizzata con grande maestria artigianale da Massimo Caramia, \u00e8 comprovante di una tradizione antichissima che anche ai giorni nostri si dimostra sempre attuale e innovativa nelle sue trasformazioni ed evoluzioni. Il fruitore resta fin da subito colpito per la qualit\u00e0 eccelsa dei lavori, che rispecchiano il buon gusto e il senso estetico di Caramia e rappresentano delle vere e proprie creazioni artistiche d&#8217;autore. La dottoressa Elena Gollini ha colto dei tratti distintivi di particolare rilievo e ha affermato: &#8220;<i>Massimo \u00e8 un vero maestro del marmo, che persegue un livello di ricerca di grande spessore e portata. \u00c8 il continuatore di una tradizione pregevolissima e preziosissima. La sua cifra stilistica produce un mondo di presenze, un linguaggio espressivo vivace e dinamico che genera una rappresentazione non ripetibile, esclusiva, distintiva e caratterizzante. I suoi lavori conducono su un terreno fertile di significati e messaggi, un universo intriso di sentimento collettivo che lascia aperte le porte del dialogo e della relazione sociale. \u00c8 artista per vocazione incondizionata, amante e cultore del bello e della bellezza che tende a una valenza e una visibilit\u00e0 sussurrata, come un poesia sussurrata e recitata sottovoce, senza inutili orpelli e inutile clamore. Massimo rinnovando il culto ideale dell&#8217;antica arte del marmo, si colloca a buon diritto nel panorama contemporaneo con una posizione e un ruolo ben radicati e consolidati. Massimo \u00e8 anche un maestro sapiente dell&#8217;immaginifico e riesce a dosare al meglio la componente fantastica e l&#8217;elemento onirico, interpretando una dimensione sui generis molto qualificante e avvalorante con una resa compositiva superlativa. Le creazioni affluiscono e sgorgano con estrema naturalezza e spontaneit\u00e0 dalla sua interiorit\u00e0 e spiritualit\u00e0. Si cimenta in una formula creativa con assoluta propensione ispiratrice, senza mai usare una pedissequa e banale emulazione copiativa e senza essere mai venale e speculatore. Si affida a un intuito creativo innato, mettendo anima e corpo e usando un fiuto sopraffino nella scelta progettuale ed esecutiva. Artista di antico stampo, dal cuore e dall&#8217;animo antico non segue mai schemi mentali fissi e di rigore formale ferreo e studiato a tavolino, perch\u00e9 ogni opera diventa una nuova sfida, una nuova possibilit\u00e0 e occasione di mettersi alla prova, di dare un senso concreto al suo operato e lasciare una testimonianza veritiera. Anela allo stupore del fruitore, all&#8217;effetto di sorpresa inattesa e inaspettata che produce un istante magico indimenticabile. Negli anni Venti del Novecento a livello di composizione artistica, la ricerca risolveva solo in parte la problematica connessa all&#8217;essenza riconoscibile delle figure e dei soggetti. Il modo di affrontare l&#8217;intuizione del visibile veniva interpretato a livello concettuale. La poetica creativa di Massimo accoglie in s\u00e9 un afflato filosofico esistenziale che tende ad una elevazione colta. Massimo \u00e8 poeta e filosofo oltre che artista e affronta il suo lavoro con civile garbo e virtuosa pacatezza e riservatezza, senza smanie e manie esibizionistiche e mantenendo una sua umilt\u00e0 e modestia davvero apprezzabili. Perfezionista per natura ha nel suo DNA artistico il fertile e fecondo seme della versatilit\u00e0 e della capacit\u00e0 di sapersi sempre reinventare. L&#8217;apparenza formale compensa e viene compensata da una realt\u00e0 sostanziale solida, che celebra la lavorazione del marmo con assoluta devozione e dedizione. La sua fervida vena creativa si fonda sull&#8217;intuizione del gesto creativo, che si mette al servizio della bellezza eterea e ideale del gesto artigianale. Ogni opera costituisce un&#8217;esperienza sempre rinnovata, un momento cruciale che racchiude un pensiero altrimenti inafferrabile e gli conferisce forma e misura, immettendola in una dimensione spaziale ben precisa e definita, studiata a monte con certosina preparazione. Massimo lavora con amore e coscienza, da sognatore e da pragmatico, alternando ragione e passione con abile sapienza e dosando il moto dell&#8217;anima. I suoi lavori appartengono a una spiritualit\u00e0 che rimanda a un mondo non pi\u00f9 immanente, ma neppure del tutto trascendente, a una sorta di ovattato limbo intermedio che appare rassicurante. La sua \u00e8 una spiritualit\u00e0 laica, dove l&#8217;unica certezza incrollabile \u00e8 inconfutabile \u00e8 la forza rivelatrice e salvifica dell&#8217;arte<\/i>&#8220;.<\/p>\n","protected":false},"excerpt":{"rendered":"<p>La produzione artistica marmorea realizzata con grande maestria artigianale da Massimo Caramia, \u00e8 comprovante di una tradizione antichissima che anche ai giorni nostri si dimostra sempre attuale e innovativa nelle sue trasformazioni ed evoluzioni. Il fruitore resta fin da subito colpito per la qualit\u00e0 eccelsa dei lavori, che rispecchiano il buon gusto e il senso [&hellip;]<\/p>\n","protected":false},"author":5066,"featured_media":0,"comment_status":"open","ping_status":"open","sticky":false,"template":"","format":"standard","meta":{"footnotes":""},"categories":[3],"tags":[25,6387,25318,2549,25315,17525,25311,7151,25313,25312,20522,25316,25310,25317,4592,8225,25314,6106,23723,22840],"class_list":["post-47085","post","type-post","status-publish","format-standard","hentry","category-arte-e-cultura","tag-arte","tag-artigiani","tag-artigiano","tag-artista","tag-blocco","tag-brindisi","tag-caramia","tag-carrara","tag-francavilla","tag-marmi","tag-marmo","tag-marmoreo","tag-massimo-caramia","tag-mediceo","tag-medici","tag-pietra","tag-pietrasanta","tag-puglia","tag-scultore","tag-sculture"],"_links":{"self":[{"href":"https:\/\/www.area-press.eu\/comunicatistampa\/wp-json\/wp\/v2\/posts\/47085","targetHints":{"allow":["GET"]}}],"collection":[{"href":"https:\/\/www.area-press.eu\/comunicatistampa\/wp-json\/wp\/v2\/posts"}],"about":[{"href":"https:\/\/www.area-press.eu\/comunicatistampa\/wp-json\/wp\/v2\/types\/post"}],"author":[{"embeddable":true,"href":"https:\/\/www.area-press.eu\/comunicatistampa\/wp-json\/wp\/v2\/users\/5066"}],"replies":[{"embeddable":true,"href":"https:\/\/www.area-press.eu\/comunicatistampa\/wp-json\/wp\/v2\/comments?post=47085"}],"version-history":[{"count":1,"href":"https:\/\/www.area-press.eu\/comunicatistampa\/wp-json\/wp\/v2\/posts\/47085\/revisions"}],"predecessor-version":[{"id":47086,"href":"https:\/\/www.area-press.eu\/comunicatistampa\/wp-json\/wp\/v2\/posts\/47085\/revisions\/47086"}],"wp:attachment":[{"href":"https:\/\/www.area-press.eu\/comunicatistampa\/wp-json\/wp\/v2\/media?parent=47085"}],"wp:term":[{"taxonomy":"category","embeddable":true,"href":"https:\/\/www.area-press.eu\/comunicatistampa\/wp-json\/wp\/v2\/categories?post=47085"},{"taxonomy":"post_tag","embeddable":true,"href":"https:\/\/www.area-press.eu\/comunicatistampa\/wp-json\/wp\/v2\/tags?post=47085"}],"curies":[{"name":"wp","href":"https:\/\/api.w.org\/{rel}","templated":true}]}}