{"id":47050,"date":"2020-01-28T19:59:11","date_gmt":"2020-01-28T18:59:11","guid":{"rendered":"https:\/\/www.area-press.eu\/comunicatistampa\/?p=47050"},"modified":"2020-01-28T19:59:11","modified_gmt":"2020-01-28T18:59:11","slug":"pomeriggi-musicali-in-piazza-san-marco-al-via-i-concerti-dellaccademia-verdi","status":"publish","type":"post","link":"https:\/\/www.area-press.eu\/comunicatistampa\/2020\/01\/28\/pomeriggi-musicali-in-piazza-san-marco-al-via-i-concerti-dellaccademia-verdi\/","title":{"rendered":"\u201cPOMERIGGI MUSICALI\u201d IN PIAZZA SAN MARCO, AL VIA I CONCERTI DELL\u2019ACCADEMIA VERDI"},"content":{"rendered":"<h3><em>L\u2019Accademia musicale Giuseppe Verdi per la sesta edizione de \u201cLe citt\u00e0 in festa\u201d organizza tre concerti a Venezia ad ingresso libero: 30 gennaio, 19 marzo e 16 aprile. \u00a0La direttrice Francesca Seri: \u201cAnimeremo la citt\u00e0 con i capolavori dei pi\u00f9 grandi musicisti\u201d<\/em><\/h3>\n<p>&nbsp;<\/p>\n<p><strong>Gioved\u00ec 30 gennaio alle ore 17.30 al via il primo evento di \u201cPomeriggi musicali\u201d,<\/strong>\u00a0la rassegna dell\u2019Accademia musicale Giuseppe Verdi che fino ad aprile organizza al Circolo Artistico al Palazzo delle Prigioni di Venezia tre concerti ad ingresso gratuito dedicati alla grande musica. \u201cPomeriggi musicali\u201d si inserisce tra le iniziative della sesta edizione de \u201cLe citt\u00e0 in festa\u201d, il ricco calendario di eventi\u00a0promosso\u00a0dall\u2019Amministrazione comunale e le varie associazioni del territorio per rendere viva la citt\u00e0 lagunare.<\/p>\n<p>\u201cLa data di gennaio \u2013 spiega la direttrice Francesca Seri, pronipote del celebre maestro Giuseppe Verdi &#8211; \u00e8 dedicata ad un repertorio misto, con brani di compositori classici quali\u00a0<strong>Chopin, Shytte, Mozart, Alexander, Bach Kramer e Debussy.<\/strong>\u00a0Attraverso questa iniziativa animeremo Venezia con i capolavori dei pi\u00f9 grandi musicisti\u201d.<\/p>\n<p><strong>Il secondo concerto, il 19 marzo \u00e8 dedicato invece al repertorio dei Lieder tedeschi,<\/strong>\u00a0composizioni per voci soliste a cui \u00e8 abbinato un workshop di approfondimento sulla musica da camera che si terr\u00e0 presso le sedi dell\u2019Accademia Verdi. Il concerto avr\u00e0 come interpreti la Soprano Susan Anne Proctor e il Tenore Enrico Zagni, accompagnati al pianoforte dal maestro Davide Sibilla. Gli stessi terranno poi i laboratori musicali del 18 e 19 aprile.\u00a0<strong>L\u2019ultimo concerto, il 16 di aprile, \u00e8 organizzato per onorare i 250 anni dalla nascita del compositore Beethoven<\/strong>, un repertorio vario ed articolato per ripercorrere storicamente i momenti salienti della sua vita artistica.<\/p>\n<p>Il Circolo Artistico al Palazzo delle Prigioni, adiacente a Palazzo Ducale, \u00e8 una location di prestigio che ospita iniziative culturali benefiche e sociali sin dai primi anni del Novecento, in collaborazione con i principali enti cittadini tra cui la Biennale di Venezia e il conservatorio B. Marcello con cui l\u2019Accademia Verdi \u00e8 convenzionata. \u201cDi rilievo \u00e8 uno storico pianoforte gran coda Bechstein \u2013 racconta Seri &#8211; molto apprezzato da Arturo Benedetti Michelangeli che vi si esib\u00ec in concerto e dopo di lui molti altri artisti famosi.\u00a0Anche i musicisti coinvolti nei pomeriggi avranno l\u2019onore di esibirsi su questo pianoforte\u201d.<\/p>\n<p>&nbsp;<\/p>\n<p><em>Ufficio Stampa Velvet Media<\/em><\/p>\n<p>&nbsp;<\/p>\n<p><strong>ACCADEMIA G. VERDI<\/strong>\u00a0L\u2019Accademia G. Verdi di Venezia \u00e8 diventata in questi anni punto di riferimento per le attivit\u00e0 musicali divulgative dirette ad appassionati di ogni et\u00e0,\u00a0 conta 600 associati\u00a0 che frequentano i corsi e circa 40 docenti collaboratori, con un numero elevatissimo di attivit\u00e0 in diversi ambiti e formativi tra cui oltre al teatro musicale, la formazione orchestrale con Orchestra d\u2019archi, Orchestra Pop, Jazz Band, Orchestra di Flauti, Orchestra di Chitarre; la Corale Femminile composta da 40 elementi circa ed un vastissimo settore di formazione individuale sui principali strumenti musicali, percorso certificato da Trinity College di cui l\u2019Accademia \u00e8 centro d\u2019esame. Il fenomeno Giuseppe Verdi non \u00e8 da attribuirsi alla fama o notoriet\u00e0 di chi opera all\u2019interno dell\u2019Associazione, ma alla passione, entusiasmo, seriet\u00e0 e professionalit\u00e0 che contraddistingue ogni proposta. I festeggiamenti per i 25 anni di attivit\u00e0 proseguiranno per tutto il 2020 con un doppio concerto di Natale, con attivit\u00e0 concertistiche e teatrali in diverse location cittadine da gennaio 2020.<\/p>\n<p>&nbsp;<\/p>\n","protected":false},"excerpt":{"rendered":"<p>L\u2019Accademia musicale Giuseppe Verdi per la sesta edizione de \u201cLe citt\u00e0 in festa\u201d organizza tre concerti a Venezia ad ingresso libero: 30 gennaio, 19 marzo e 16 aprile. \u00a0La direttrice Francesca Seri: \u201cAnimeremo la citt\u00e0 con i capolavori dei pi\u00f9 grandi musicisti\u201d &nbsp; Gioved\u00ec 30 gennaio alle ore 17.30 al via il primo evento di [&hellip;]<\/p>\n","protected":false},"author":5200,"featured_media":0,"comment_status":"open","ping_status":"open","sticky":false,"template":"","format":"standard","meta":{"footnotes":""},"categories":[3,4,8],"tags":[],"class_list":["post-47050","post","type-post","status-publish","format-standard","hentry","category-arte-e-cultura","category-attualita-e-societa","category-eventi"],"_links":{"self":[{"href":"https:\/\/www.area-press.eu\/comunicatistampa\/wp-json\/wp\/v2\/posts\/47050","targetHints":{"allow":["GET"]}}],"collection":[{"href":"https:\/\/www.area-press.eu\/comunicatistampa\/wp-json\/wp\/v2\/posts"}],"about":[{"href":"https:\/\/www.area-press.eu\/comunicatistampa\/wp-json\/wp\/v2\/types\/post"}],"author":[{"embeddable":true,"href":"https:\/\/www.area-press.eu\/comunicatistampa\/wp-json\/wp\/v2\/users\/5200"}],"replies":[{"embeddable":true,"href":"https:\/\/www.area-press.eu\/comunicatistampa\/wp-json\/wp\/v2\/comments?post=47050"}],"version-history":[{"count":1,"href":"https:\/\/www.area-press.eu\/comunicatistampa\/wp-json\/wp\/v2\/posts\/47050\/revisions"}],"predecessor-version":[{"id":47051,"href":"https:\/\/www.area-press.eu\/comunicatistampa\/wp-json\/wp\/v2\/posts\/47050\/revisions\/47051"}],"wp:attachment":[{"href":"https:\/\/www.area-press.eu\/comunicatistampa\/wp-json\/wp\/v2\/media?parent=47050"}],"wp:term":[{"taxonomy":"category","embeddable":true,"href":"https:\/\/www.area-press.eu\/comunicatistampa\/wp-json\/wp\/v2\/categories?post=47050"},{"taxonomy":"post_tag","embeddable":true,"href":"https:\/\/www.area-press.eu\/comunicatistampa\/wp-json\/wp\/v2\/tags?post=47050"}],"curies":[{"name":"wp","href":"https:\/\/api.w.org\/{rel}","templated":true}]}}