{"id":47047,"date":"2020-01-28T19:59:11","date_gmt":"2020-01-28T18:59:11","guid":{"rendered":"https:\/\/www.area-press.eu\/comunicatistampa\/?p=47047"},"modified":"2020-01-28T19:59:11","modified_gmt":"2020-01-28T18:59:11","slug":"corso-di-dizione-italiana-a-cagliari","status":"publish","type":"post","link":"https:\/\/www.area-press.eu\/comunicatistampa\/2020\/01\/28\/corso-di-dizione-italiana-a-cagliari\/","title":{"rendered":"Corso di Dizione italiana a Cagliari"},"content":{"rendered":"<p>Il<a href=\"http:\/\/Il Corso di Dizione italiana \u00e8 rivolto a tutti coloro che desiderano migliorare la propria voce, rendendola piacevole e capace di BUONA COMUNICAZIONE. In molteplici contesti lavorativi, non solo nel campo della recitazione, ci viene richiesta una buona presenza e una buona presentazione, che passa sicuramente attraverso l\u2019uso consapevole della lingua italiana.   Obiettivo del corso \u00e8 fornire agli allievi le regole della corretta pronuncia italiana che una volta imparate devono essere fruibili dall\u2019utilizzatore con la stessa facilit\u00e0 della parlata o accento locale.  DOVE  Spazio Kair\u00f2s, Via Martini 23 a Cagliari  QUANDO  Dal 21 Febbraio al 17 Aprile 2020 (si salta il 13 Marzo), il venerd\u00ec dalle 18:00 alle 19:30  DOCENTI Filippo Salaris  Piero Murenu  INFORMAZIONI info@artistifuoriposto.com 3938256330 http:\/\/www.artistifuoriposto.com\/corsi\/laboratorio-di-lettura-espressiva-e-dizione-cagliari\/\"> <strong>Corso di Dizione italiana<\/strong><\/a> \u00e8 rivolto a tutti coloro che desiderano migliorare la propria voce, rendendola piacevole e capace di BUONA COMUNICAZIONE. In molteplici contesti lavorativi, non solo nel campo della recitazione, ci viene richiesta una buona presenza e una buona presentazione, che passa sicuramente attraverso l\u2019uso consapevole della lingua italiana.<\/p>\n<p>Obiettivo del corso \u00e8 fornire agli allievi le regole della corretta pronuncia italiana che una volta imparate devono essere fruibili dall\u2019utilizzatore con la stessa facilit\u00e0 della parlata o accento locale.<\/p>\n<p>DOVE<br \/>\nSpazio Kair\u00f2s, Via Martini 23 a Cagliari<\/p>\n<p>QUANDO<br \/>\nDal 21 Febbraio al 17 Aprile 2020 (si salta il 13 Marzo), il venerd\u00ec dalle 18:00 alle 19:30<\/p>\n<p>DOCENTI<br \/>\nFilippo Salaris<br \/>\nPiero Murenu<\/p>\n<p>INFORMAZIONI<br \/>\ninfo@artistifuoriposto.com<br \/>\n3938256330<br \/>\n<a href=\"http:\/\/www.artistifuoriposto.com\/corsi\/laboratorio-di-lettura-espressiva-e-dizione-cagliari\/?fbclid=IwAR2HuI45BtGLdOOjhLOdNQsL9Irskj91n_XlzyFLb7L4K-HdR6OuD0F-TeE\" target=\"_blank\" rel=\"nofollow noopener noreferrer\" data-lynx-mode=\"hover\" data-lynx-uri=\"https:\/\/l.facebook.com\/l.php?u=http%3A%2F%2Fwww.artistifuoriposto.com%2Fcorsi%2Flaboratorio-di-lettura-espressiva-e-dizione-cagliari%2F%3Ffbclid%3DIwAR2HuI45BtGLdOOjhLOdNQsL9Irskj91n_XlzyFLb7L4K-HdR6OuD0F-TeE&amp;h=AT3pagYFLm2juMiBrCZjeu7FRnyrxkzuQrr0RDGpgEJzl9_PbWygiLjt0QA14dOiIyMqeNr8vvQBaXKv8J__I4TEZykHwi-dbvCEcLxiiLW5ic9iB-Waab0vZE7bJ29cfrRr\">http:\/\/www.artistifuoriposto.com\/corsi\/laboratorio-di-lettura-espressiva-e-dizione-cagliari\/<\/a><\/p>\n","protected":false},"excerpt":{"rendered":"<p>Il Corso di Dizione italiana \u00e8 rivolto a tutti coloro che desiderano migliorare la propria voce, rendendola piacevole e capace di BUONA COMUNICAZIONE. In molteplici contesti lavorativi, non solo nel campo della recitazione, ci viene richiesta una buona presenza e una buona presentazione, che passa sicuramente attraverso l\u2019uso consapevole della lingua italiana. Obiettivo del corso [&hellip;]<\/p>\n","protected":false},"author":5961,"featured_media":0,"comment_status":"open","ping_status":"open","sticky":false,"template":"","format":"standard","meta":{"footnotes":""},"categories":[3],"tags":[7416,25663,26109,25659,25662,25664,26108,25648,25654,25647,25653],"class_list":["post-47047","post","type-post","status-publish","format-standard","hentry","category-arte-e-cultura","tag-corsi-di-dizione","tag-corsi-di-dizione-a-cagliari","tag-corsi-dizione-cagliari","tag-corso-di-dizione","tag-corso-di-dizione-a-cagliari","tag-corso-dizione","tag-corso-dizione-cagliari","tag-laboratori-di-dizione","tag-laboratori-di-dizione-a-cagliari","tag-laboratorio-di-dizione","tag-laboratorio-di-dizione-a-cagliari"],"_links":{"self":[{"href":"https:\/\/www.area-press.eu\/comunicatistampa\/wp-json\/wp\/v2\/posts\/47047","targetHints":{"allow":["GET"]}}],"collection":[{"href":"https:\/\/www.area-press.eu\/comunicatistampa\/wp-json\/wp\/v2\/posts"}],"about":[{"href":"https:\/\/www.area-press.eu\/comunicatistampa\/wp-json\/wp\/v2\/types\/post"}],"author":[{"embeddable":true,"href":"https:\/\/www.area-press.eu\/comunicatistampa\/wp-json\/wp\/v2\/users\/5961"}],"replies":[{"embeddable":true,"href":"https:\/\/www.area-press.eu\/comunicatistampa\/wp-json\/wp\/v2\/comments?post=47047"}],"version-history":[{"count":1,"href":"https:\/\/www.area-press.eu\/comunicatistampa\/wp-json\/wp\/v2\/posts\/47047\/revisions"}],"predecessor-version":[{"id":47048,"href":"https:\/\/www.area-press.eu\/comunicatistampa\/wp-json\/wp\/v2\/posts\/47047\/revisions\/47048"}],"wp:attachment":[{"href":"https:\/\/www.area-press.eu\/comunicatistampa\/wp-json\/wp\/v2\/media?parent=47047"}],"wp:term":[{"taxonomy":"category","embeddable":true,"href":"https:\/\/www.area-press.eu\/comunicatistampa\/wp-json\/wp\/v2\/categories?post=47047"},{"taxonomy":"post_tag","embeddable":true,"href":"https:\/\/www.area-press.eu\/comunicatistampa\/wp-json\/wp\/v2\/tags?post=47047"}],"curies":[{"name":"wp","href":"https:\/\/api.w.org\/{rel}","templated":true}]}}