{"id":47036,"date":"2020-01-28T19:59:10","date_gmt":"2020-01-28T18:59:10","guid":{"rendered":"https:\/\/www.area-press.eu\/comunicatistampa\/?p=47036"},"modified":"2020-08-09T23:42:06","modified_gmt":"2020-08-09T21:42:06","slug":"le-crisi-del-colle-viola","status":"publish","type":"post","link":"https:\/\/www.area-press.eu\/comunicatistampa\/2020\/01\/28\/le-crisi-del-colle-viola\/","title":{"rendered":"Le Crisi Del Colle \u201cViola\u201d"},"content":{"rendered":"<p style=\"text-align: center\"><strong><i>in radio e sulle principali piattaforme digitali il singolo della band abruzzese<\/i><\/strong><\/p>\n<p><iframe loading=\"lazy\" title=\"Le Crisi Del Colle - Viola\" width=\"500\" height=\"281\" src=\"https:\/\/www.youtube.com\/embed\/9AOc-JTTsWw?feature=oembed\" frameborder=\"0\" allow=\"accelerometer; autoplay; clipboard-write; encrypted-media; gyroscope; picture-in-picture; web-share\" referrerpolicy=\"strict-origin-when-cross-origin\" allowfullscreen><\/iframe><\/p>\n<p><b>Viola<\/b> \u00e8 un brano che evidenzia, attraverso delle metafore, le difficolt\u00e0 che abbiamo nell\u2019approccio con la vita e nelle problematiche che siamo chiamati ad affrontare ogni giorno.<\/p>\n<p>Il punto forte del brano indica che i momenti di difficolt\u00e0 vanno affrontati perch\u00e9 saranno loro stessi che ci porteranno a crescere.<br \/>\nIn particolare, la frase \u201c<b><i> a me l\u2019inverno piace con la neve<\/i><\/b>\u201d sta ad indicare che in presenza di un problema, \u00e8 giusto affrontarlo in tutte le sue difficolt\u00e0 perch\u00e9 anche la sofferenza ci porta a crescere e maturare.<br \/>\nIl brano, inoltre, vuole anche insegnarci a trovare sempre un fattore positivo all\u2019interno delle negativit\u00e0.<br \/>\nQuesto aspetto viene evidenziato nell\u2019arrangiamento musicale e nel video, dove gli attori associano movenze e gestualit\u00e0 allegre ad un testo prettamente triste.<\/p>\n<p>Il gruppo nasce a Silvi Marina (TE) nel 2017 da un incontro casuale di Matteo Colleluori Cantautore, Cristian Sorrenti Chitarrista e Simone Cerratti Bassista.<br \/>\nI tre iniziano a suonare insieme nei locali della costa abruzzese, riproponendo grandi classici di artisti Italiani.<br \/>\nNel 2018, intraprendono un percorso discografico per il loro primo album con l\u2019etichetta \u201cCantieri Sonori\u201d di Roma, dove iniziano a comporre il loro primo disco.<br \/>\nIn quell\u2019anno viene definito il nome del gruppo \u201c<b>Le crisi del colle\u201d<\/b>.<br \/>\nSu tutti i digital store sono gi\u00e0 disponibili due inediti: \u201cNon Prendere In Giro Gli Incubi\u201d e\u201cFrammenti\u201d di cui sono autori ed interpreti.<br \/>\nLa rock band abruzzese unisce la dolcezza dei testi di Matteo con l\u2019energia del rock di Cristian e la precisione della scuola Jazz di Simone.<\/p>\n<p><a href=\"https:\/\/www.instagram.com\/lecrisidelcolle_official\/\">https:\/\/www.instagram.com\/lecrisidelcolle_official\/<\/a><br \/>\n<a href=\"https:\/\/open.spotify.com\/artist\/713T9Ttcu9kHvY69d1ZTBM\">https:\/\/open.spotify.com\/artist\/713T9Ttcu9kHvY69d1ZTBM<\/a><\/p>\n<p><b><i>Press, radio, Tv Agency<br \/>\nDCOD Communication By GB Play<br \/>\n<\/i><\/b><a href=\"mailto:promoradio@dcodcommunication.it\">promoradio@dcodcommunication.it<\/a><br \/>\npromostampa@dcodcommunication.it<\/p>\n","protected":false},"excerpt":{"rendered":"<p>in radio e sulle principali piattaforme digitali il singolo della band abruzzese Viola \u00e8 un brano che evidenzia, attraverso delle metafore, le difficolt\u00e0 che abbiamo nell\u2019approccio con la vita e nelle problematiche che siamo chiamati ad affrontare ogni giorno. Il punto forte del brano indica che i momenti di difficolt\u00e0 vanno affrontati perch\u00e9 saranno loro [&hellip;]<\/p>\n","protected":false},"author":331,"featured_media":0,"comment_status":"open","ping_status":"open","sticky":false,"template":"","format":"standard","meta":{"footnotes":""},"categories":[12],"tags":[26104,723,2365,21255],"class_list":["post-47036","post","type-post","status-publish","format-standard","hentry","category-musica","tag-le-crisi-del-colle","tag-news","tag-singolo","tag-viola"],"_links":{"self":[{"href":"https:\/\/www.area-press.eu\/comunicatistampa\/wp-json\/wp\/v2\/posts\/47036","targetHints":{"allow":["GET"]}}],"collection":[{"href":"https:\/\/www.area-press.eu\/comunicatistampa\/wp-json\/wp\/v2\/posts"}],"about":[{"href":"https:\/\/www.area-press.eu\/comunicatistampa\/wp-json\/wp\/v2\/types\/post"}],"author":[{"embeddable":true,"href":"https:\/\/www.area-press.eu\/comunicatistampa\/wp-json\/wp\/v2\/users\/331"}],"replies":[{"embeddable":true,"href":"https:\/\/www.area-press.eu\/comunicatistampa\/wp-json\/wp\/v2\/comments?post=47036"}],"version-history":[{"count":1,"href":"https:\/\/www.area-press.eu\/comunicatistampa\/wp-json\/wp\/v2\/posts\/47036\/revisions"}],"predecessor-version":[{"id":47037,"href":"https:\/\/www.area-press.eu\/comunicatistampa\/wp-json\/wp\/v2\/posts\/47036\/revisions\/47037"}],"wp:attachment":[{"href":"https:\/\/www.area-press.eu\/comunicatistampa\/wp-json\/wp\/v2\/media?parent=47036"}],"wp:term":[{"taxonomy":"category","embeddable":true,"href":"https:\/\/www.area-press.eu\/comunicatistampa\/wp-json\/wp\/v2\/categories?post=47036"},{"taxonomy":"post_tag","embeddable":true,"href":"https:\/\/www.area-press.eu\/comunicatistampa\/wp-json\/wp\/v2\/tags?post=47036"}],"curies":[{"name":"wp","href":"https:\/\/api.w.org\/{rel}","templated":true}]}}