{"id":47026,"date":"2020-01-28T19:59:10","date_gmt":"2020-01-28T18:59:10","guid":{"rendered":"https:\/\/www.area-press.eu\/comunicatistampa\/?p=47026"},"modified":"2020-01-28T19:59:10","modified_gmt":"2020-01-28T18:59:10","slug":"convegno-sulle-politiche-di-semplificazione-e-servizi-per-lavvio-dimpresa","status":"publish","type":"post","link":"https:\/\/www.area-press.eu\/comunicatistampa\/2020\/01\/28\/convegno-sulle-politiche-di-semplificazione-e-servizi-per-lavvio-dimpresa\/","title":{"rendered":"Convegno sulle &#8220;Politiche di semplificazione e servizi per l&#8217;avvio d&#8217;impresa&#8221;"},"content":{"rendered":"<p>Il peso della burocrazia statale sulle Pmi (piccole e medie imprese) cresce: una recente analisi della Cgia di Mestre pone per questo indicatore la pubblica amministrazione italiana al 23esimo posto su 28 paesi Ue con un costo di 57 miliardi pari a 3 punti di Pil.<br \/>\nSnellire il rapporto fra P.A. e imprese, soprattutto per quelle in fase di avvio (start-up), pu\u00f2 essere un fattore determinante per la loro sopravvivenza e successo. Se ne parler\u00e0 marted\u00ec 28 gennaio dalle 11 alle 13 a Palazzo Malvezzi (sala Zodiaco) grazie al convegno internazionale dal titolo &#8220;Politiche di semplificazione e servizi per l&#8217;avvio d&#8217;impresa&#8221; organizzato dalla Citt\u00e0 metropolitana di Bologna nell\u2019ambito del progetto europeo Start-Easy (<strong class=\"RASottolineato\">\u00a0<a title=\"www.interregeurope.eu\/starteasy\/\" href=\"https:\/\/www.interregeurope.eu\/starteasy\/\" rel=\"noopener noreferrer\">www.interregeurope.eu\/starteasy\/<\/a>\u00a0<\/strong>) \u2013 finanziato dal programma Interreg Europe. Il progetto ha l\u2019obiettivo di migliorare le politiche e gli strumenti di semplificazione per l\u2019avvio di impresa in sette nazioni europee: oltre all\u2019Italia, il Belgio, la Francia, la Lettonia, la Lituania, la Polonia e la Spagna.<br \/>\nL\u2019evento, aperto al pubblico e in lingua inglese, vedr\u00e0 la partecipazione di esponenti di Istituzioni e P.A. emiliano-romagnole. Si inizia con una sessione dedicata alle politiche di semplificazione dal livello nazionale a quello territoriale con Stefano Agusto dell\u2019Universit\u00e0 di Ferrara, Sveva Ruggiero della Regione Emilia-Romagna e Sara Maldina della Citt\u00e0 metropolitana di Bologna. Si termina con una panoramica sugli strumenti messi in campo sul territorio per aiutare le imprese con Marzia Florindi per la Citt\u00e0 metropolitana di Bologna e Barbara Benassai della Camera di Commercio di Bologna. La sessione si conclude con il caso di studio della start-up Creative Keys, vincitrice del concorso Incredibol 2019!.<br \/>\nFra il pubblico saranno presenti anche i rappresentanti dei 7 Partner stranieri coinvolti nel progetto: il Governo della Catalogna (ES), il Lithuanian Innovation Center (LT), il Lublin Science and Technology Park (PL), il Consiglio economico delle Fiandre orientali (BL), l\u2019Agenzia di Sviluppo della Mazovia (PL), il Direttorato generale per l\u2019impresa francese (FR) ed il Ministero dell\u2019Economia della Repubblica Lettone (LTV).<\/p>\n<p>La partecipazione \u00e8 gratuita previa registrazione su &gt;\u00a0<a title=\"Eventbrite\" href=\"https:\/\/www.eventbrite.it\/e\/biglietti-politiche-di-semplificazione-e-servizi-per-lavvio-dimpresa-90312004637?aff=ebdssbdestsearch\">Eventbrite<\/a>.<\/p>\n","protected":false},"excerpt":{"rendered":"<p>Il peso della burocrazia statale sulle Pmi (piccole e medie imprese) cresce: una recente analisi della Cgia di Mestre pone per questo indicatore la pubblica amministrazione italiana al 23esimo posto su 28 paesi Ue con un costo di 57 miliardi pari a 3 punti di Pil. Snellire il rapporto fra P.A. e imprese, soprattutto per [&hellip;]<\/p>\n","protected":false},"author":4089,"featured_media":0,"comment_status":"open","ping_status":"open","sticky":false,"template":"","format":"standard","meta":{"footnotes":""},"categories":[29],"tags":[],"class_list":["post-47026","post","type-post","status-publish","format-standard","hentry","category-comunicati"],"_links":{"self":[{"href":"https:\/\/www.area-press.eu\/comunicatistampa\/wp-json\/wp\/v2\/posts\/47026","targetHints":{"allow":["GET"]}}],"collection":[{"href":"https:\/\/www.area-press.eu\/comunicatistampa\/wp-json\/wp\/v2\/posts"}],"about":[{"href":"https:\/\/www.area-press.eu\/comunicatistampa\/wp-json\/wp\/v2\/types\/post"}],"author":[{"embeddable":true,"href":"https:\/\/www.area-press.eu\/comunicatistampa\/wp-json\/wp\/v2\/users\/4089"}],"replies":[{"embeddable":true,"href":"https:\/\/www.area-press.eu\/comunicatistampa\/wp-json\/wp\/v2\/comments?post=47026"}],"version-history":[{"count":1,"href":"https:\/\/www.area-press.eu\/comunicatistampa\/wp-json\/wp\/v2\/posts\/47026\/revisions"}],"predecessor-version":[{"id":47027,"href":"https:\/\/www.area-press.eu\/comunicatistampa\/wp-json\/wp\/v2\/posts\/47026\/revisions\/47027"}],"wp:attachment":[{"href":"https:\/\/www.area-press.eu\/comunicatistampa\/wp-json\/wp\/v2\/media?parent=47026"}],"wp:term":[{"taxonomy":"category","embeddable":true,"href":"https:\/\/www.area-press.eu\/comunicatistampa\/wp-json\/wp\/v2\/categories?post=47026"},{"taxonomy":"post_tag","embeddable":true,"href":"https:\/\/www.area-press.eu\/comunicatistampa\/wp-json\/wp\/v2\/tags?post=47026"}],"curies":[{"name":"wp","href":"https:\/\/api.w.org\/{rel}","templated":true}]}}