{"id":46889,"date":"2020-01-23T15:39:57","date_gmt":"2020-01-23T14:39:57","guid":{"rendered":"https:\/\/www.area-press.eu\/comunicatistampa\/?p=46889"},"modified":"2020-08-09T23:35:31","modified_gmt":"2020-08-09T21:35:31","slug":"michele-di-tommaso-pensieri-in-radio-dal-6-dicembre-il-nuovo-singolo-del-giovane-cantautore-riminese","status":"publish","type":"post","link":"https:\/\/www.area-press.eu\/comunicatistampa\/2020\/01\/23\/michele-di-tommaso-pensieri-in-radio-dal-6-dicembre-il-nuovo-singolo-del-giovane-cantautore-riminese\/","title":{"rendered":"Michele di Tommaso \u201cPensieri\u201d in radio dal 6 Dicembre il nuovo singolo del giovane cantautore riminese"},"content":{"rendered":"<p><img decoding=\"async\" src=\"https:\/\/www.earone.it\/newsimages\/michele-di-tomamso-pensieri.jpg___th_320_0.jpg\" alt=\"\" \/><\/p>\n<p><i><span style=\"font-weight: 400\">Una finestra aperta sul racconto della vita quotidiana.<\/span><\/i><\/p>\n<p><span style=\"font-weight: 400\">Il brano esprime un <\/span><b>flusso di pensieri<\/b><span style=\"font-weight: 400\">, semplici ma profondi e descrive delle <\/span><b>riflessioni interiori sulla vita, sulle persone. <\/b><span style=\"font-weight: 400\">L&#8217;ispirazione \u00e8 nata da un&#8217;attenta osservazione della realt\u00e0 quotidiana, del mondo circostante non sempre accogliente, non sempre empatico:<\/span><\/p>\n<p><i><span style=\"font-weight: 400\">\u00abQuando torni a casa e ripensi alla tua giornata, al tuo vissuto, nonch\u00e9 alle immagini di vita che hai visto scorrere dal finestrino di un tram o mentre vai in bici a scuola, a lavoro, comprendi che tutti sono in cammino, un cammino obbligato ed uguale, durante il quale ognuno prova a dare un senso. Dare un senso alla vita, potrebbe essere dare aiuto agli altri, stare con gli altri\u00bb. <\/span><\/i><b>Michele Di Tommaso<\/b><\/p>\n<p><b>La metafora delle persone assimilate alle lettere dell&#8217;alfabeto<\/b><span style=\"font-weight: 400\"> \u00e8 un simbolo per comprendere quanto solo insieme, solo condividendo, ciascuno pu\u00f2 essere stesso, pu\u00f2 completarsi, pu\u00f2 capire chi \u00e8, pu\u00f2 acquisire la consapevolezza di essere parte del mondo, parte viva del mondo. Una singola lettera non esprime significato, unita a delle altre crea una parola, crea un significato, crea un&#8217;immagine.<\/span><\/p>\n<p><span style=\"font-weight: 400\">Il ritmo e l&#8217;uso della voce risentono delle <\/span><b>influenze sonore R&amp;B con qualche suono elettronico.<\/b><span style=\"font-weight: 400\">\u00a0<\/span><\/p>\n<p><i><span style=\"font-weight: 400\">\u00abQuesto brano si inserisce nel mio percorso musicale, dopo un primissimo singolo in inglese \u201cI will be strong\u201d e un ep \u201cSar\u00f2 forte\u201d, fresco ed accattivante, leggero ma non superficiale. Se i precedenti brani hanno una scrittura fortemente intimista e si ispiravano ad esperienze personali. Questo \u00e8 un brano con un respiro pi\u00f9 ampio, con dei pensieri che magari sono stati o sono i pensieri di tante altre persone, in generale pu\u00f2 essere un inno alla vita, un inno che la musica permette di ricordare, di condividere, di veicolare. La musica \u00e8 per me vita, \u00e8 riflessione, \u00e8 essere nel mondo, \u00e8 gioia, \u00e8 passione, \u00e8 condivisione di emozioni, di pensieri!!!\u00bb. <\/span><\/i><b>Michele Di Tommaso<\/b><\/p>\n<p>&nbsp;<\/p>\n<p>&nbsp;<\/p>\n<p><b>Radio date: 6 dicembre 2019<\/b><\/p>\n<p><b>Autoproduzione<\/b><\/p>\n<p>&nbsp;<\/p>\n<p><b>BIO<\/b><\/p>\n<p><b>Michele Di Tommaso <\/b><span style=\"font-weight: 400\">annovera nella sua esperienza le<\/span> <span style=\"font-weight: 400\">partecipazioni ai concorsi musicali &#8220;La nota d&#8217;oro&#8221;, &#8220;Il Festival di Gatteo&#8221;, Sanremo New Talent 2018, Festival Voci d&#8217;oro di Montecatini 2019, Mei di Faenza 2019.<\/span><\/p>\n<p><span style=\"font-weight: 400\">Da segnalare a parte \u00e8 l\u2019ammissione alla finale nazionale di Categoria durante il concorso Sanremo New Talent, che l&#8217;ha portato ad esibirsi presso il Palafiori di Sanremo, e la partecipazione alla full immersion di Formazione Musicale Tour Music Fest Music Camp presso \u00a0 Avigliano Umbro CET di Mogol, seguita dal conseguimento dell&#8217;idoneit\u00e0 artistica alle Selezioni Preliminari Regionali di Tour Music Fest XI Edizione 2018. Da marzo a Maggio 2018 ha frequentato il Corso di songwriter presso Associazione Culturale Note e Movimento di Rimini; questo gli ha permesso di iniziare la sua esperienza di cantautore.<\/span><\/p>\n<p><span style=\"font-weight: 400\">Finalmente dopo la pubblicazione di cover di testi in inglese di cantanti come Stewie Wonder e George Micheal, Mendel giunge al debutto ufficiale nel mondo della musica, scrivendo testo e musica del suo primo singolo &#8220;<\/span><b>I will be strong&#8221;<\/b><span style=\"font-weight: 400\"> con arrangiamento di Lorenzo Sebastiani. Preziosi e curati i suoni delle chitarre elettriche ed acustiche di Andrea Morelli, chitarrista di Cremonini. &#8221; I will be strong&#8221; \u00e8 un brano fresco, giovane ed accattivante tutto da ascoltare ad alto volume.<\/span><\/p>\n<p><span style=\"font-weight: 400\">A questo primo inedito \u00e8 seguito, il primo ep <\/span><b>&#8220;Sar\u00f2 forte&#8221; <\/b><span style=\"font-weight: 400\">che \u00e8 l\u2019affermazione di quel coraggio di andare avanti e di non arrendersi dinanzi alle difficolt\u00e0. All&#8217;interno un brano singolare\u201d Guerriero\u201d, definito dalla stampa nazionale (Corriere della Sera) un vero manifesto antibullismo.\u00a0<\/span><\/p>\n<p><span style=\"font-weight: 400\">Ed ora con il singolo <\/span><b>Pensieri,<\/b><span style=\"font-weight: 400\"> l&#8217;artista romagnolo, influenzato da vari generi, come il pop, il soul e il R&amp;B, manifesta con sicurezza e consapevolezza, la sua musica, la sua scrittura cos\u00ec semplice, ma non banale, cos\u00ec leggera, ma non superficiale.<\/span><\/p>\n<p><span style=\"font-weight: 400\">Progetto imminente, oltre al lancio di questo nuovo singolo, anche la partecipazione alla realizzazione Compilation Festival Voci d&#8217;oro 2019 per Telethon, il cui ricavato delle vendite sar\u00e0 destinato alla ricerca delle malattie genetiche.<\/span><\/p>\n<p>&nbsp;<\/p>\n<p><b>Contatti e social<\/b><\/p>\n<p><b>Instagram: <\/b><a href=\"https:\/\/www.instagram.com\/mikidtom_\/\"><b>https:\/\/www.instagram.com\/mikidtom_\/<\/b><\/a><\/p>\n<p><b>Facebook<\/b><b>: <\/b><a href=\"https:\/\/www.facebook.com\/michele.ditommaso.564\"><b>https:\/\/www.facebook.com\/michele.ditommaso.564<\/b><\/a><\/p>\n<p><b>Spotify;<\/b> <a href=\"https:\/\/open.spotify.com\/album\/25k7HXBrLXgSyuNlF8vkjK?si=WKhazv8mTi2mE8mDPkvluA\"><b>https:\/\/open.spotify.com\/album\/25k7HXBrLXgSyuNlF8vkjK?si=WKhazv8mTi2mE8mDPkvluA<\/b><\/a><\/p>\n<p><b>Canale YouTube: <\/b><b>www.youtube.com\/channel\/UCg72sFUR1TAyIJgf7MGdgCQ<\/b><\/p>\n","protected":false},"excerpt":{"rendered":"<p>Una finestra aperta sul racconto della vita quotidiana. Il brano esprime un flusso di pensieri, semplici ma profondi e descrive delle riflessioni interiori sulla vita, sulle persone. L&#8217;ispirazione \u00e8 nata da un&#8217;attenta osservazione della realt\u00e0 quotidiana, del mondo circostante non sempre accogliente, non sempre empatico: \u00abQuando torni a casa e ripensi alla tua giornata, al [&hellip;]<\/p>\n","protected":false},"author":4383,"featured_media":0,"comment_status":"open","ping_status":"open","sticky":false,"template":"","format":"standard","meta":{"footnotes":""},"categories":[12],"tags":[],"class_list":["post-46889","post","type-post","status-publish","format-standard","hentry","category-musica"],"_links":{"self":[{"href":"https:\/\/www.area-press.eu\/comunicatistampa\/wp-json\/wp\/v2\/posts\/46889","targetHints":{"allow":["GET"]}}],"collection":[{"href":"https:\/\/www.area-press.eu\/comunicatistampa\/wp-json\/wp\/v2\/posts"}],"about":[{"href":"https:\/\/www.area-press.eu\/comunicatistampa\/wp-json\/wp\/v2\/types\/post"}],"author":[{"embeddable":true,"href":"https:\/\/www.area-press.eu\/comunicatistampa\/wp-json\/wp\/v2\/users\/4383"}],"replies":[{"embeddable":true,"href":"https:\/\/www.area-press.eu\/comunicatistampa\/wp-json\/wp\/v2\/comments?post=46889"}],"version-history":[{"count":2,"href":"https:\/\/www.area-press.eu\/comunicatistampa\/wp-json\/wp\/v2\/posts\/46889\/revisions"}],"predecessor-version":[{"id":46891,"href":"https:\/\/www.area-press.eu\/comunicatistampa\/wp-json\/wp\/v2\/posts\/46889\/revisions\/46891"}],"wp:attachment":[{"href":"https:\/\/www.area-press.eu\/comunicatistampa\/wp-json\/wp\/v2\/media?parent=46889"}],"wp:term":[{"taxonomy":"category","embeddable":true,"href":"https:\/\/www.area-press.eu\/comunicatistampa\/wp-json\/wp\/v2\/categories?post=46889"},{"taxonomy":"post_tag","embeddable":true,"href":"https:\/\/www.area-press.eu\/comunicatistampa\/wp-json\/wp\/v2\/tags?post=46889"}],"curies":[{"name":"wp","href":"https:\/\/api.w.org\/{rel}","templated":true}]}}