{"id":46874,"date":"2020-01-23T15:39:56","date_gmt":"2020-01-23T14:39:56","guid":{"rendered":"https:\/\/www.area-press.eu\/comunicatistampa\/?p=46874"},"modified":"2020-08-09T23:42:08","modified_gmt":"2020-08-09T21:42:08","slug":"emilio-carrino-talking-to-the-moon-black-music-e-brit-pop-si-incontrano-nel-nuovo-brano-del-cantautore-napoletano","status":"publish","type":"post","link":"https:\/\/www.area-press.eu\/comunicatistampa\/2020\/01\/23\/emilio-carrino-talking-to-the-moon-black-music-e-brit-pop-si-incontrano-nel-nuovo-brano-del-cantautore-napoletano\/","title":{"rendered":"Emilio Carrino \u201cTalking to the moon\u201d black music e brit pop si incontrano nel nuovo brano del cantautore napoletano"},"content":{"rendered":"<p><img decoding=\"async\" src=\"https:\/\/www.earone.it\/newsimages\/emilio-carrino-talking-to-the-moon.jpg___th_320_0.jpg\" alt=\"\" \/><\/p>\n<p><i><span style=\"font-weight: 400\">Il singolo anticipa il disco d\u2019esordio prodotto da Giuseppe Spinelli,<\/span><\/i> <i><span style=\"font-weight: 400\">\u00a0in uscita nel 2020.<\/span><\/i><\/p>\n<p><span style=\"font-weight: 400\">In \u201cTalking to the moon\u201d il <\/span><b>brit pop<\/b><span style=\"font-weight: 400\"> di Adele, Sam Smith e Hozier incontra <\/span><b>il blues e il soul<\/b><span style=\"font-weight: 400\"> per raccontare gli ultimi episodi di una storia d\u2019amore impossibile, straziante, ma che continua a vivere nel cuore di chi l\u2019ha vissuta intensamente. <\/span><b>La luna, protagonista del brano<\/b><span style=\"font-weight: 400\">, \u00e8 speranza, ascoltatrice del dolore e della sofferenza dell\u2019autore che le chiede la possibilit\u00e0 di trovare, a dispetto di tutte le difficolt\u00e0, un luogo nello spazio tempo dove poter vivere serenamente la sua storia d\u2019amore.<\/span><\/p>\n<p>&nbsp;<\/p>\n<p>&nbsp;<\/p>\n<p><b>\u201cLa mia valigia\u201d <\/b><span style=\"font-weight: 400\">\u00e8<\/span> <span style=\"font-weight: 400\">il titolo dell\u2019<\/span><b>album in uscita nel 2020 <\/b><span style=\"font-weight: 400\">scelto non casualmente &#8211; <\/span><i><span style=\"font-weight: 400\">\u00abperch\u00e9 questo disco rappresenta il mio bagaglio, un po\u2019 tutto quello che sono e sono stato negli anni, sia artisticamente sia nei contenuti dei testi delle canzoni, molto autobiografici. In pratica canto da quando sono nato, scrivo canzoni da 8 anni e nel 2015 ho sentito la necessit\u00e0 di iniziare questo percorso, per condividere col mondo undici delle canzoni che preferisco tra quelle che ho scritto nel tempo, ma anche e soprattutto per essere identificato con un disco e un progetto musicale\/cantautorale e non solo con l\u2019esperienza del live che mi ha rappresentato finora\u00bb &#8211; <\/span><\/i><b>racconta Carrino.<\/b><span style=\"font-weight: 400\">\u00a0<\/span><\/p>\n<p><span style=\"font-weight: 400\">Il disco risente fortemente delle <\/span><b>due facce<\/b><span style=\"font-weight: 400\"> che contraddistinguono il gusto musicale del cantautore:\u00a0<\/span><\/p>\n<p><i><span style=\"font-weight: 400\">\u00abDa un lato c\u2019\u00e8 la mia passione per <\/span><\/i><b><i>la musica nera<\/i><\/b><i><span style=\"font-weight: 400\">, l\u2019r\u2019n\u2019b, il soul, che non deluder\u00e0 chi mi ha seguito negli anni e che ben si conf\u00e0 alla mia vocalit\u00e0; dall\u2019altro c\u2019\u00e8 il mio desiderio di seguire con ammirazione la strada che in Italia hanno percorso negli anni i grandi <\/span><\/i><b><i>Cantautori che hanno segnato la musica Italiana<\/i><\/b><i><span style=\"font-weight: 400\">, penso a Dalla, Battisti, Endrigo, Tenco.\u00a0 Due facce molto diverse, ma che fanno parte della stessa medaglia, che sono io; ed \u00e8 questo il fil rouge che segue l\u2019intero progetto. Tutti i brani sono scritti da me, testo e musica, tranne due brani \u201cLo Sterile Ricordo Di Noi Due\u201d e \u201cLe 9.30\u201d, scritti da me e dal mio amico musicista Antonio Funaro\u00bb.<\/span><\/i> <b>Emilio Carrino.<\/b><\/p>\n<p><span style=\"font-weight: 400\">\u00a0<\/span><\/p>\n<p><b>Radio date: 29 novembre 2019<\/b><\/p>\n<p><b>Etichetta: Saar Records<\/b><\/p>\n<p>&nbsp;<\/p>\n<p><b>BIO<\/b><\/p>\n<p><span style=\"font-weight: 400\">Emilio Carrino, napoletano classe 1992, voce nera che unisce nei suoi brani il <\/span><b>cantautorato italiano<\/b><span style=\"font-weight: 400\"> al <\/span><b>pop internazionale.<\/b><\/p>\n<p><span style=\"font-weight: 400\">Dal 2012 fa parte del Coro Giovanile del Teatro San Carlo e del Napoli City Choir, due formazioni di giovani voci dirette dal Maestro Carlo Morelli, con cui si \u00e8 esibito sul territorio regionale e nazionale in pi\u00f9 di 400 concerti.\u00a0<\/span><\/p>\n<p><span style=\"font-weight: 400\">Nel 2013 vince il premio <\/span><b>Volto Nuovo<\/b><span style=\"font-weight: 400\"> assegnatogli dalla giuria tecnica durante la finale del <\/span><b>Festival di Castrocaro<\/b><span style=\"font-weight: 400\"> in onda su Rai 1, alla quale partecipa con una cover di \u201cCom\u2019\u00e8 Buia la citt\u00e0\u201d di Caterina Caselli e con il suo primo inedito intitolato \u201cLo sterile ricordo di noi due\u201d, scritto da lui insieme ad Antonio Funaro.<\/span><\/p>\n<p><b>Apre i concerti di Alexia ed Alan Sorrenti. <\/b><span style=\"font-weight: 400\">Nel 2014 arriva in finale al <\/span><b>San Jorio Festival ad Asti, al Festival Giovani Suoni a Napol<\/b><span style=\"font-weight: 400\">i, in semifinale al <\/span><b>Botticino Music Festival a Brescia.<\/b><\/p>\n<p><span style=\"font-weight: 400\">Partecipa alle <\/span><b>Blind Auditions<\/b><span style=\"font-weight: 400\"> del talent show <\/span><b>The Voice of Italy in onda su Rai 2.<\/b><\/p>\n<p><span style=\"font-weight: 400\">Nel 2016 firma con il Maestro le musiche del musical \u201c<\/span><b>Change &#8211; Napoli Cambia\u201d<\/b><span style=\"font-weight: 400\">, sold out al Teatro Politeama di Napoli, a cui partecipa da attore protagonista.<\/span><\/p>\n<p><span style=\"font-weight: 400\">Firma il brano <\/span><b>\u201cUn mondo a pi\u00f9 colori\u201d, <\/b><span style=\"font-weight: 400\">arrangiato dal Maestro Carlo Morelli, con cui si esibisce nell\u2019Auditorium Rai di Napoli durante il concerto del Coro Giovanile del Teatro San Carlo in memoria delle vittime innocenti delle Mafie, organizzato da <\/span><b>\u201cLibera contro le mafie\u201d.<\/b><span style=\"font-weight: 400\"> Il brano diventa lo slogan dell\u2019intera manifestazione. Nel 2018 \u00e8 uno dei volti del progetto <\/span><b>\u201cSanti di Periferia \u2013 L\u2019impossibile non esiste\u201d<\/b><span style=\"font-weight: 400\"> insieme a Piero Pel\u00f9, al Maestro Morelli e ad altri giovani artisti napoletani.\u00a0<\/span><\/p>\n<p><span style=\"font-weight: 400\">Con le 20 voci del Napoli City Choir si esibisce da tre anni nello spettacolo <\/span><b>&#8220;That&#8217;s Napoli Live Show&#8221;.\u00a0<\/b><\/p>\n<p><span style=\"font-weight: 400\">Ha ultimato il suo primo disco di inediti, intitolato <\/span><b>\u201cLa Mia Valigia<\/b><span style=\"font-weight: 400\">\u201d, in uscita nel 2020, arrangiato e prodotto insieme al musicista <\/span><b>Giuseppe Spinelli.<\/b><\/p>\n<p>&nbsp;<\/p>\n<p><b>Contatti e social<\/b><\/p>\n<p><b>FACEBOOK:<\/b> <a href=\"https:\/\/www.facebook.com\/emiliocarrinoofficialpage\/\"><b>https:\/\/www.facebook.com\/emiliocarrinoofficialpage\/<\/b><\/a><\/p>\n<p><b>INSTAGRAM:<\/b> <a href=\"https:\/\/www.instagram.com\/emiliocarrino\/?hl=it\"><b>https:\/\/www.instagram.com\/emiliocarrino\/?hl=it<\/b><\/a><\/p>\n","protected":false},"excerpt":{"rendered":"<p>Il singolo anticipa il disco d\u2019esordio prodotto da Giuseppe Spinelli, \u00a0in uscita nel 2020. In \u201cTalking to the moon\u201d il brit pop di Adele, Sam Smith e Hozier incontra il blues e il soul per raccontare gli ultimi episodi di una storia d\u2019amore impossibile, straziante, ma che continua a vivere nel cuore di chi l\u2019ha [&hellip;]<\/p>\n","protected":false},"author":4383,"featured_media":0,"comment_status":"open","ping_status":"open","sticky":false,"template":"","format":"standard","meta":{"footnotes":""},"categories":[12],"tags":[],"class_list":["post-46874","post","type-post","status-publish","format-standard","hentry","category-musica"],"_links":{"self":[{"href":"https:\/\/www.area-press.eu\/comunicatistampa\/wp-json\/wp\/v2\/posts\/46874","targetHints":{"allow":["GET"]}}],"collection":[{"href":"https:\/\/www.area-press.eu\/comunicatistampa\/wp-json\/wp\/v2\/posts"}],"about":[{"href":"https:\/\/www.area-press.eu\/comunicatistampa\/wp-json\/wp\/v2\/types\/post"}],"author":[{"embeddable":true,"href":"https:\/\/www.area-press.eu\/comunicatistampa\/wp-json\/wp\/v2\/users\/4383"}],"replies":[{"embeddable":true,"href":"https:\/\/www.area-press.eu\/comunicatistampa\/wp-json\/wp\/v2\/comments?post=46874"}],"version-history":[{"count":1,"href":"https:\/\/www.area-press.eu\/comunicatistampa\/wp-json\/wp\/v2\/posts\/46874\/revisions"}],"predecessor-version":[{"id":46884,"href":"https:\/\/www.area-press.eu\/comunicatistampa\/wp-json\/wp\/v2\/posts\/46874\/revisions\/46884"}],"wp:attachment":[{"href":"https:\/\/www.area-press.eu\/comunicatistampa\/wp-json\/wp\/v2\/media?parent=46874"}],"wp:term":[{"taxonomy":"category","embeddable":true,"href":"https:\/\/www.area-press.eu\/comunicatistampa\/wp-json\/wp\/v2\/categories?post=46874"},{"taxonomy":"post_tag","embeddable":true,"href":"https:\/\/www.area-press.eu\/comunicatistampa\/wp-json\/wp\/v2\/tags?post=46874"}],"curies":[{"name":"wp","href":"https:\/\/api.w.org\/{rel}","templated":true}]}}