{"id":46842,"date":"2020-01-23T15:39:48","date_gmt":"2020-01-23T14:39:48","guid":{"rendered":"https:\/\/www.area-press.eu\/comunicatistampa\/?p=46842"},"modified":"2020-08-09T23:42:08","modified_gmt":"2020-08-09T21:42:08","slug":"pia-tuccitto-e-lautrice-del-brano-di-vasco-rossi-incide-la-versione-originale-di-una-delle-piu-belle-canzoni-damore-di-sempre","status":"publish","type":"post","link":"https:\/\/www.area-press.eu\/comunicatistampa\/2020\/01\/23\/pia-tuccitto-e-lautrice-del-brano-di-vasco-rossi-incide-la-versione-originale-di-una-delle-piu-belle-canzoni-damore-di-sempre\/","title":{"rendered":"Pia Tuccitto  \u201cE\u2026\u201d  l&#8217;autrice del brano di Vasco Rossi incide la versione originale di una delle pi\u00f9 belle canzoni d\u2019amore di sempre"},"content":{"rendered":"<p><img loading=\"lazy\" decoding=\"async\" class=\"alignleft size-full wp-image-312374\" src=\"https:\/\/www.joyfreepress.com\/wp-content\/uploads\/2020\/01\/Pia-Tuccitto-1.jpg\" alt=\"\" width=\"320\" height=\"320\" \/><\/p>\n<p><i><span style=\"font-weight: 400\">Il brano anticipa l\u2019album \u201cRomantica io\u201d fuori dal 31 gennaio 2020.\u00a0<\/span><\/i><\/p>\n<p><span style=\"font-weight: 400\">Era il 2004 quando <\/span><b>Vasco Rossi<\/b><span style=\"font-weight: 400\">, inserendola nell\u2019album <\/span><b><i>Buoni o cattivi<\/i><\/b><span style=\"font-weight: 400\"> l\u2019ha fatta entrare nell\u2019olimpo delle canzoni pi\u00f9 belle della musica italiana, e la defin\u00ec <\/span><b>\u201c&#8230;una carezza\u201d. <\/b><span style=\"font-weight: 400\">Ora per\u00f2 \u00e8 la sua autrice Pia Tuccitto ad incidere la sua versione. <\/span><span style=\"font-weight: 400\">Il brano \u00e8 contenuto in <\/span><b>\u201cRomantica io\u201d,<\/b><span style=\"font-weight: 400\"> il disco in uscita il prossimo 31 gennaio, giorno del suo compleanno. <\/span><b>\u201cRomantica io\u201d \u00e8 il terzo album della rocker<\/b><span style=\"font-weight: 400\">, realizzato a distanza di alcuni anni da Urlo (Bollicine\/EMI), il primo in libert\u00e0 da vincoli discografici. <\/span><span style=\"font-weight: 400\">In questo periodo di assenza Pia Tuccitto non si \u00e8 mai fermata: ha pubblicato alcuni singoli, ha fatto concerti, ha prodotto e portato su pi\u00f9 di 50 palchi con Federica Lisi, lo spettacolo <\/span><b><i>ioelei<\/i><\/b><b>,<\/b><span style=\"font-weight: 400\"> ha dipinto. Ed \u00e8 proprio dipingendo che \u00e8 nato il personaggio grafico che simboleggia l\u2019album: si tratta dell\u2019avatar che rappresenta La Rocker protagonista dell\u2019immagine della copertina.<\/span><\/p>\n<p><b>Prodotto da Pia Tuccitto e Luca Bignardi:<\/b><span style=\"font-weight: 400\">\u00a0Basso: Luca Bignardi &#8211; Chitarre: Massimo Varini &#8211; Batteria: Sam Gregory &#8211; Voce Pia registrata: Impatto Studio di Celso Valli (Bo) &#8211; Cori: Alessia Raisi. Registrato, Prodotto, Arrangiato, Mixato e Masterizzato da Luca Bignardi. Recording of the Drum: Mx Studios &#8211; Shanghai (Cina).\u00a0Recording of Guitars Kymotto Music Studio Carpi (Mo). Recording of Bass and Backing Vocals: Music King Recording Studios &#8211; Shanghai (Cina).\u00a0Mix &amp; Mastering: Music King Recording Studios &#8211; Shanghai (Cina)\u00a0<\/span><\/p>\n<p><iframe loading=\"lazy\" title=\"Pia Tuccitto - E... -  Video Ufficiale\" width=\"500\" height=\"281\" src=\"https:\/\/www.youtube.com\/embed\/y8q_oVYmicM?feature=oembed\" frameborder=\"0\" allow=\"accelerometer; autoplay; clipboard-write; encrypted-media; gyroscope; picture-in-picture; web-share\" referrerpolicy=\"strict-origin-when-cross-origin\" allowfullscreen><\/iframe><\/p>\n<p><b>Autoproduzione<\/b><\/p>\n<p><b>Radio date: 10 gennaio 2019<\/b><\/p>\n<p><b>Pubblicazione album: 31 gennaio 2020\u00a0<\/b><\/p>\n<p>&nbsp;<\/p>\n<p><b>BIO<\/b><\/p>\n<p><b>Pia Tuccitto \u00e8 una cantautrice rock.<\/b><span style=\"font-weight: 400\"> Si laurea al DAMS con la tesi Il Rock al femminile, nel 1993 debutta al Festival per Voci\u00a0Nuove di Castrocaro, non vince ma entra nella scuderia di Vasco Rossi. Come autrice scrive per Patty Pravo (2000) e per Irene Grandi (2003) entrambe prodotte da Vasco, con il quale ha condiviso il palco in importanti occasioni, come tre edizioni dell\u2019Heineken Jammin\u2019 Festival (2000 -2005-2008), al Rock R\u2019evolution di Zocca, e come sua supporter in tour per 8 anni. Il debutto discografico \u00e8 nel 2001 con Ciao Amore, un singolo prodotto da Pia per l\u2019etichetta Bollicine di Vasco Rossi, al quale fa seguito un secondo singolo nel 2003, Quella Vispa di Teresa. L\u2019anno seguente tra le canzoni della Rocker, Vasco sceglie E\u2026 . <\/span><span style=\"font-weight: 400\">\u00a0<\/span><span style=\"font-weight: 400\"> Nel giugno del 2005 esce l\u2019album d\u2019esordio UN SEGRETO CHE, seguito tre anni dopo dall\u2019album URLO, prodotto da Frank Nemola e Guido Elmi per l\u2019etichetta Bollicine\/EMI Capitol Music. Le foto di copertina sono di Efrem Raimondi.\u00a0 Il 21 giugno 2009 Pia partecipa all\u2019evento Amiche per l\u2019Abruzzo. Cantante e autrice s\u00ec, ma ARTISTA a trecentosessanta gradi perch\u00e9 ogni forma d\u2019arte le appartiene. Dall\u2019incontro con Philippe Daverio \u00e8 nata un\u2019amicizia e una collaborazione con il fratello Christophe, che si \u00e8 concretizzata nella Collezione Mutant Canvas #1 di Nicola Artico in cui il ritratto mutante con Pia \u00e8 ripreso dall\u2019opera \u201cEcate\u201d di William Blake. Pia diventa modella per la fotografa Anna Rosa Gavazzi. Dall\u2019 8 aprile al 12 giugno 2011 Pia fa parte del Progetto fotografico di Monica Silva \u201cL\u2019io dentro me\u201d. Nel maggio e ad ottobre del 2011 escono i due singoli da indipendente: Com\u2019\u00e8 bello il mio amore e Sto benissimo, quest\u2019ultimo diventer\u00e0 lo spunto e la colonna sonora de L\u2019Italia di Pia. A novembre 2012 Pia viene invitata a rappresentare l\u2019Italia in occasione del Festival del Mar Rosso Red Sea \u2013 Italian Festival ad Hurgada in Egitto, per celebrare l\u2019incontro tra la cultura italo-egiziana. Il 29 ottobre 2013 esce il singolo intitolato 7 Aprile. Il 1\u00b0 dicembre Pia \u00e8 ospite con la band al Roxy Bar. Il 4 marzo 2014 la rocker partecipa alla seconda edizione de La strada e la Stella, spettacolo organizzato a Bologna, per ricordare Lucio Dalla. Il 16 aprile a WeLoveFreak, l\u2019evento organizzato in ricordo di Freak Antoni Pia accompagnata dagli Skiantos canta \u201cTi rullo di Kartoni\u201d e inizia con loro una collaborazione artistica. Il 28 agosto esce il nuovo singolo My Radio che, su invito del Ministero del Turismo Egiziano, viene presentato live al Cairo in occasione della 3\u00b0 Edizione dell\u2019Italian Egyptian Festival. Il 7 dicembre la Rocker presenta il suo My Radio Ep, prima raccolta contenente i 4 singoli da indipendente, alla Maratona musicale di Cantautrici e Cantautori organizzata dal MEI a Milano. Il 5 gennaio 2015 la Rocker \u00e8 ospite al Teatro Petruzzelli di Bari, in occasione della 7\u00b0 Edizione del Premio Mimmo Bucci e il 17 condivide il palco con Gianni Morandi, Cesare Cremonini, Francesco Renga, in occasione del grande spettacolo Starteraphy, organizzato da ANSABBIO all\u2019Istituto Rizzoli di Bologna. A marzo viene pubblicato su iTunes e su tutti gli Store Digitali Que bonito mi amor, scritta insieme all\u2019autrice madrilena Marghina Garcia, versione spagnola di Com&#8217;\u00e8 bello l\u2019amore singolo del 2011, anticipato dalla presentazione in anteprima internazionale su La Tecno Fm 88.3 di Buenos Aires (Argentina). Il 19 settembre viene presentato in Prima Nazionale a Bologna ioelei Tour, il nuovo progetto nato dalla collaborazione con Federica Lisi Bovolenta. Nello spettacolo si alternano le letture tratte da \u201cNoi non ci lasceremo mai &#8220;\u2013 Ed.Mondadori 2013 alle canzoni di Pia. Del progetto ioelei ne hanno parlato quotidiani nazionali e i settimanali Donna al Top e F, le trasmissioni Barone Rosso, Roxy bar, Domenica In, Maurizio Costanzo Show, TV 2000, Rai 2 Rai 3, Rai Sport, SKY Sport, Radio 2, e Radio Dj. Il 4 ottobre 2019 esce il singolo \u201cTu sei un sogno per me\u201d, Ft Federica Lisi.\u00a0 <\/span><\/p>\n<p><span style=\"font-weight: 400\">Il singolo \u00e8 stato dato in esclusiva in Argentina a Dial RadioTV &#8211; 101.1 FM San Rafael &#8211; 103.9 FM Malarg\u00fce &#8211; 104.1 FM General Alvear &#8211; Mendoza. Il 10 gennaio viene presentato il singolo \u201cE\u2026\u201d anticipando il disco \u201cRomantica io\u201d in uscita il 31 gennaio 2020.\u00a0<\/span><\/p>\n<p>&nbsp;<\/p>\n<p><b>Contatti e social<\/b><\/p>\n<p><b>IG: <\/b><a href=\"https:\/\/www.instagram.com\/piatuccitto\/\"><b>https:\/\/www.instagram.com\/piatuccitto\/<\/b><\/a><\/p>\n<p><b>FB: <\/b><a href=\"https:\/\/www.facebook.com\/piatuccittoofficial\/\"><b>https:\/\/www.facebook.com\/piatuccittoofficial\/<\/b><\/a><\/p>\n<p><b>YT:<\/b> <a href=\"https:\/\/www.youtube.com\/channel\/UCIQv3XLXE1CSVXhYAG-4MbQ\"><b>https:\/\/www.youtube.com\/channel\/UCIQv3XLXE1CSVXhYAG-4MbQ<\/b><\/a><\/p>\n<p><b>SITO: <\/b><b>http:\/\/www.piatuccitto.net\/<\/b><\/p>\n","protected":false},"excerpt":{"rendered":"<p>Il brano anticipa l\u2019album \u201cRomantica io\u201d fuori dal 31 gennaio 2020.\u00a0 Era il 2004 quando Vasco Rossi, inserendola nell\u2019album Buoni o cattivi l\u2019ha fatta entrare nell\u2019olimpo delle canzoni pi\u00f9 belle della musica italiana, e la defin\u00ec \u201c&#8230;una carezza\u201d. Ora per\u00f2 \u00e8 la sua autrice Pia Tuccitto ad incidere la sua versione. Il brano \u00e8 contenuto [&hellip;]<\/p>\n","protected":false},"author":4383,"featured_media":0,"comment_status":"open","ping_status":"open","sticky":false,"template":"","format":"standard","meta":{"footnotes":""},"categories":[12],"tags":[26038,2171,2365],"class_list":["post-46842","post","type-post","status-publish","format-standard","hentry","category-musica","tag-pia-tuccitto","tag-rock","tag-singolo"],"_links":{"self":[{"href":"https:\/\/www.area-press.eu\/comunicatistampa\/wp-json\/wp\/v2\/posts\/46842","targetHints":{"allow":["GET"]}}],"collection":[{"href":"https:\/\/www.area-press.eu\/comunicatistampa\/wp-json\/wp\/v2\/posts"}],"about":[{"href":"https:\/\/www.area-press.eu\/comunicatistampa\/wp-json\/wp\/v2\/types\/post"}],"author":[{"embeddable":true,"href":"https:\/\/www.area-press.eu\/comunicatistampa\/wp-json\/wp\/v2\/users\/4383"}],"replies":[{"embeddable":true,"href":"https:\/\/www.area-press.eu\/comunicatistampa\/wp-json\/wp\/v2\/comments?post=46842"}],"version-history":[{"count":3,"href":"https:\/\/www.area-press.eu\/comunicatistampa\/wp-json\/wp\/v2\/posts\/46842\/revisions"}],"predecessor-version":[{"id":46847,"href":"https:\/\/www.area-press.eu\/comunicatistampa\/wp-json\/wp\/v2\/posts\/46842\/revisions\/46847"}],"wp:attachment":[{"href":"https:\/\/www.area-press.eu\/comunicatistampa\/wp-json\/wp\/v2\/media?parent=46842"}],"wp:term":[{"taxonomy":"category","embeddable":true,"href":"https:\/\/www.area-press.eu\/comunicatistampa\/wp-json\/wp\/v2\/categories?post=46842"},{"taxonomy":"post_tag","embeddable":true,"href":"https:\/\/www.area-press.eu\/comunicatistampa\/wp-json\/wp\/v2\/tags?post=46842"}],"curies":[{"name":"wp","href":"https:\/\/api.w.org\/{rel}","templated":true}]}}