{"id":46818,"date":"2020-01-21T00:37:32","date_gmt":"2020-01-20T23:37:32","guid":{"rendered":"https:\/\/www.area-press.eu\/comunicatistampa\/?p=46818"},"modified":"2020-01-21T00:37:32","modified_gmt":"2020-01-20T23:37:32","slug":"test-starkey-sulludito-ecco-come-e-semplice-farlo-online","status":"publish","type":"post","link":"https:\/\/www.area-press.eu\/comunicatistampa\/2020\/01\/21\/test-starkey-sulludito-ecco-come-e-semplice-farlo-online\/","title":{"rendered":"Test Starkey sull\u2019udito: ecco come \u00e8 semplice farlo online"},"content":{"rendered":"<p><i><span style=\"font-weight: 400\">Semplice, veloce e gratuito, <strong><a href=\"https:\/\/www.starkey.it\/test-udito-online\">si pu\u00f2 fare anche online<\/a> <\/strong>e permette di avere dati aggiornati circa la propria salute uditiva<\/span><\/i><\/p>\n<p><span style=\"font-weight: 400\">Milano, gennaio 2020 \u2013 L\u2019ipoacusia, ossia i disturbi uditivi legati a traumi o problemi di salute, non \u00e8 solo un problema solamente fisico, ma ha importanti ripercussioni anche sul piano psicologico. <\/span><b>Le persone che soffrono di problemi acustici, infatti, vivono in un universo sonoro molto particolare, fatto di borbottii, bisbigli e rumori attutiti che aprono facilmente la strada all\u2019auto-isolamento.<\/b><span style=\"font-weight: 400\"> Chi non sente bene, a poco a poco comincia a non uscire di casa, a sentirsi in imbarazzo nel sostenere una conversazione con altre persone, a chiudersi in s\u00e9 stesso: tutti sintomi che possono preludere all\u2019insorgenza di disturbi ancora pi\u00f9 gravi, tra cui innanzitutto la depressione. <\/span><b>Per questo \u00e8 molto importante riconoscere subito i sintomi di un\u2019eventuale perdita uditiva e rivolgersi il prima possibile a uno specialista,<\/b><span style=\"font-weight: 400\"> in grado di indirizzare il paziente verso la cura pi\u00f9 adeguata per il proprio disturbo.<\/span><\/p>\n<p><span style=\"font-weight: 400\">Ma come accorgersi che qualcosa non va prima che sia troppo tardi? Un ottimo modo per farlo consiste, per esempio, nell\u2019effettuare il <\/span><b>test dell\u2019udito proposto da Starkey Hearing Technologies<\/b><span style=\"font-weight: 400\">, azienda leader nel settore delle protesi acustiche di alta qualit\u00e0. <\/span><b>Facile, veloce e gratuito, si pu\u00f2 fare anche online direttamente a casa e, in pochi minuti, consentir\u00e0 di avere un quadro completo e aggiornato della propria salute uditiva.\u00a0<\/b><\/p>\n<p><span style=\"font-weight: 400\">La mission di Starkey, infatti, consiste nel migliorare la vita delle persone, offrendo loro gli strumenti migliori per farlo attraverso la cura dell\u2019udito. E poter comunicare normalmente \u00e8 fondamentale a livello psicologico e sociale. Il test \u00e8 molto semplice e considera alcune situazioni frequenti nella quotidianit\u00e0, come per esempio la capacit\u00e0 di comprendere chiaramente una conversazione telefonica o una trasmissione in TV a un volume normale oppure di percepire stralci di discorsi all\u2019interno di una stanza affollata. La prima fase del test prevede che il paziente risponda sinceramente alle domande relative queste situazioni; nella seconda fase, invece, avvalendosi di cuffie o di un altoparlante, si effettua la prova di ascolto, verificando cos\u00ec l\u2019effettivo benessere del proprio udito.\u00a0<\/span><\/p>\n<p>&nbsp;<\/p>\n","protected":false},"excerpt":{"rendered":"<p>Semplice, veloce e gratuito, si pu\u00f2 fare anche online e permette di avere dati aggiornati circa la propria salute uditiva Milano, gennaio 2020 \u2013 L\u2019ipoacusia, ossia i disturbi uditivi legati a traumi o problemi di salute, non \u00e8 solo un problema solamente fisico, ma ha importanti ripercussioni anche sul piano psicologico. Le persone che soffrono [&hellip;]<\/p>\n","protected":false},"author":4517,"featured_media":0,"comment_status":"open","ping_status":"open","sticky":false,"template":"","format":"standard","meta":{"footnotes":""},"categories":[29],"tags":[],"class_list":["post-46818","post","type-post","status-publish","format-standard","hentry","category-comunicati"],"_links":{"self":[{"href":"https:\/\/www.area-press.eu\/comunicatistampa\/wp-json\/wp\/v2\/posts\/46818","targetHints":{"allow":["GET"]}}],"collection":[{"href":"https:\/\/www.area-press.eu\/comunicatistampa\/wp-json\/wp\/v2\/posts"}],"about":[{"href":"https:\/\/www.area-press.eu\/comunicatistampa\/wp-json\/wp\/v2\/types\/post"}],"author":[{"embeddable":true,"href":"https:\/\/www.area-press.eu\/comunicatistampa\/wp-json\/wp\/v2\/users\/4517"}],"replies":[{"embeddable":true,"href":"https:\/\/www.area-press.eu\/comunicatistampa\/wp-json\/wp\/v2\/comments?post=46818"}],"version-history":[{"count":1,"href":"https:\/\/www.area-press.eu\/comunicatistampa\/wp-json\/wp\/v2\/posts\/46818\/revisions"}],"predecessor-version":[{"id":46819,"href":"https:\/\/www.area-press.eu\/comunicatistampa\/wp-json\/wp\/v2\/posts\/46818\/revisions\/46819"}],"wp:attachment":[{"href":"https:\/\/www.area-press.eu\/comunicatistampa\/wp-json\/wp\/v2\/media?parent=46818"}],"wp:term":[{"taxonomy":"category","embeddable":true,"href":"https:\/\/www.area-press.eu\/comunicatistampa\/wp-json\/wp\/v2\/categories?post=46818"},{"taxonomy":"post_tag","embeddable":true,"href":"https:\/\/www.area-press.eu\/comunicatistampa\/wp-json\/wp\/v2\/tags?post=46818"}],"curies":[{"name":"wp","href":"https:\/\/api.w.org\/{rel}","templated":true}]}}