{"id":46686,"date":"2020-01-16T16:52:08","date_gmt":"2020-01-16T15:52:08","guid":{"rendered":"https:\/\/www.area-press.eu\/comunicatistampa\/?p=46686"},"modified":"2020-01-16T16:52:08","modified_gmt":"2020-01-16T15:52:08","slug":"fabrizio-palermo-al-forum-multistakeholder-cdp-insieme-per-incentivare-la-sostenibilita","status":"publish","type":"post","link":"https:\/\/www.area-press.eu\/comunicatistampa\/2020\/01\/16\/fabrizio-palermo-al-forum-multistakeholder-cdp-insieme-per-incentivare-la-sostenibilita\/","title":{"rendered":"Fabrizio Palermo al Forum Multistakeholder CDP: insieme per incentivare la sostenibilit\u00e0"},"content":{"rendered":"<p><em><strong>Valorizzare gli impegni presi sul fronte della sostenibilit\u00e0 e rafforzare la capacit\u00e0 di ascolto e confronto con gli stakeholder: l&#8217;auspicio dell&#8217;AD e DG Fabrizio Palermo al <a title=\"Fabrizio Palermo, forum multistakeholder cdp\" href=\"https:\/\/www.ilsole24ore.com\/art\/cassa-depositi-e-prestiti-chiama-raccolta-azionisti-e-stakeholder-AC8WKD2\">Forum ideato da CDP per incentivare un confronto costruttivo<\/a>.<\/strong> <\/em><\/p>\n<p><a title=\"Fabrizio Palermo - forum multistakeholder\" href=\"https:\/\/www.ilsole24ore.com\/art\/cassa-depositi-e-prestiti-chiama-raccolta-azionisti-e-stakeholder-AC8WKD2\"><img decoding=\"async\" src=\"https:\/\/www.cdp.it\/resources\/cms\/images\/primo-piano-fabrizio-palermo_d3.jpg\" alt=\"Fabrizio Palermo\" width=\"110\" \/><\/a><\/p>\n<h2>L&#8217;AD e DG Fabrizio Palermo al primo Forum Multistakeholder organizzato da Cassa Depositi e Prestiti<\/h2>\n<p>Cassa Depositi e Prestiti guarda alla sostenibilit\u00e0 con una logica diversa, in modo sempre pi\u00f9 pervasivo, facendo sistema con le aziende del Gruppo e favorendo le sinergie. \u00c8 quanto ha sottolineato l&#8217;Amministratore Delegato e Direttore Generale <strong>Fabrizio Palermo<\/strong> nel suo intervento lo scorso 28 novembre al primo Forum Multistakeholder organizzato dal CDP. Oltre a valorizzare gli impegni assunti e rafforzare la capacit\u00e0 di ascolto e confronto con gli stakeholder, per individuare insieme le migliori soluzioni alle esigenze reali del Paese. Innovazione, riqualificazione urbana in chiave smart, sviluppo delle infrastrutture sociali sono alcuni dei temi discussi nel corso dell&#8217;iniziativa, pensata come un&#8217;opportunit\u00e0 di confronto tra i vertici, gli azionisti e i portatori di interesse del Gruppo con lo scopo di individuare insieme le soluzioni pi\u00f9 efficaci e rafforzare l&#8217;impegno di CDP sul fronte dello sviluppo sostenibile. E il percorso intrapreso nell&#8217;ambito della sostenibilit\u00e0 \u00e8 stato al centro dell&#8217;intervento dell&#8217;AD e DG <strong>Fabrizio Palermo<\/strong>.<\/p>\n<h2>Forum Multistakeholder CDP: il valore della sostenibilit\u00e0 nell&#8217;intervento dell&#8217;AD e DG Fabrizio Palermo<\/h2>\n<p><em>&#8220;In 170 anni CDP non ha mai tradito la sua missione a supporto della crescita sostenibile&#8221;<\/em> ha affermato <strong><a title=\"Fabrizio Palermo partecipa al primo forum multistakeholder di CDP\" href=\"https:\/\/www.ilsole24ore.com\/art\/cassa-depositi-e-prestiti-chiama-raccolta-azionisti-e-stakeholder-AC8WKD2\">Fabrizio Palermo<\/a><\/strong> intervenendo al Forum Multistakeholder. L&#8217;AD ha sottolineato come la sostenibilit\u00e0 sia diventata un architrave della strategia del Gruppo e del suo Piano e indicato la direzione da percorrere: fare sistema con le aziende del Gruppo e incentivare l&#8217;integrazione. Come ricordato dall&#8217;AD, anche la valutazione degli investimenti di CDP \u00e8 stata fatta includendo la sostenibilit\u00e0 tra i requisiti di qualsiasi analisi: non a caso il Gruppo \u00e8 stato tra i primi a intercettare i flussi finanziari che premiano progetti sostenibili per scuole, ospedali e strade. La sostenibilit\u00e0 \u00e8 fondamentale anche nel raggiungimento di un target su cui CDP sta investendo fortemente: la vicinanza al territorio, la costruzione di un dialogo sempre pi\u00f9 stretto ed efficace con le realt\u00e0 locali. <em>&#8220;Con il primo Forum vogliamo rafforzare la consapevolezza sul ruolo che CDP pu\u00f2 svolgere per guidare una nuova stagione di sviluppo dell&#8217;Italia&#8221;<\/em> ha concluso l&#8217;AD <strong>Fabrizio Palermo<\/strong>.<\/p>\n","protected":false},"excerpt":{"rendered":"<p>Valorizzare gli impegni presi sul fronte della sostenibilit\u00e0 e rafforzare la capacit\u00e0 di ascolto e confronto con gli stakeholder: l&#8217;auspicio dell&#8217;AD e DG Fabrizio Palermo al Forum ideato da CDP per incentivare un confronto costruttivo. L&#8217;AD e DG Fabrizio Palermo al primo Forum Multistakeholder organizzato da Cassa Depositi e Prestiti Cassa Depositi e Prestiti guarda [&hellip;]<\/p>\n","protected":false},"author":5985,"featured_media":0,"comment_status":"open","ping_status":"open","sticky":false,"template":"","format":"standard","meta":{"footnotes":""},"categories":[29],"tags":[25027],"class_list":["post-46686","post","type-post","status-publish","format-standard","hentry","category-comunicati","tag-fabrizio-palermo"],"_links":{"self":[{"href":"https:\/\/www.area-press.eu\/comunicatistampa\/wp-json\/wp\/v2\/posts\/46686","targetHints":{"allow":["GET"]}}],"collection":[{"href":"https:\/\/www.area-press.eu\/comunicatistampa\/wp-json\/wp\/v2\/posts"}],"about":[{"href":"https:\/\/www.area-press.eu\/comunicatistampa\/wp-json\/wp\/v2\/types\/post"}],"author":[{"embeddable":true,"href":"https:\/\/www.area-press.eu\/comunicatistampa\/wp-json\/wp\/v2\/users\/5985"}],"replies":[{"embeddable":true,"href":"https:\/\/www.area-press.eu\/comunicatistampa\/wp-json\/wp\/v2\/comments?post=46686"}],"version-history":[{"count":2,"href":"https:\/\/www.area-press.eu\/comunicatistampa\/wp-json\/wp\/v2\/posts\/46686\/revisions"}],"predecessor-version":[{"id":46688,"href":"https:\/\/www.area-press.eu\/comunicatistampa\/wp-json\/wp\/v2\/posts\/46686\/revisions\/46688"}],"wp:attachment":[{"href":"https:\/\/www.area-press.eu\/comunicatistampa\/wp-json\/wp\/v2\/media?parent=46686"}],"wp:term":[{"taxonomy":"category","embeddable":true,"href":"https:\/\/www.area-press.eu\/comunicatistampa\/wp-json\/wp\/v2\/categories?post=46686"},{"taxonomy":"post_tag","embeddable":true,"href":"https:\/\/www.area-press.eu\/comunicatistampa\/wp-json\/wp\/v2\/tags?post=46686"}],"curies":[{"name":"wp","href":"https:\/\/api.w.org\/{rel}","templated":true}]}}