{"id":46649,"date":"2020-01-16T15:50:16","date_gmt":"2020-01-16T14:50:16","guid":{"rendered":"https:\/\/www.area-press.eu\/comunicatistampa\/?p=46649"},"modified":"2020-01-16T15:50:16","modified_gmt":"2020-01-16T14:50:16","slug":"terna-luigi-ferraris-commenta-lapertura-dellinnovation-hub-di-milano","status":"publish","type":"post","link":"https:\/\/www.area-press.eu\/comunicatistampa\/2020\/01\/16\/terna-luigi-ferraris-commenta-lapertura-dellinnovation-hub-di-milano\/","title":{"rendered":"Terna, Luigi Ferraris commenta l\u2019apertura dell\u2019Innovation Hub di Milano"},"content":{"rendered":"<p><em><strong>Innovation Hub, laboratori di idee innovative a servizio della rete elettrica: si tratta del progetto di Terna, la societ\u00e0 guidata da Luigi Ferraris che il 17 dicembre scorso <a title=\"Luigi Ferraris, Terna inaugura a Milano innovation hub\" href=\"https:\/\/www.ilsole24ore.com\/art\/Terna-lancia-milano-nuovo-hub-una-rete-sempre-piu-digitale-AC37us6\">ha inaugurato a Milano la terza struttura<\/a> dopo le aperture di Napoli e Torino.<\/strong><\/em><\/p>\n<p><a title=\"Luigi Ferraris commenta apertura innovation hub Terna a Milano\" href=\"https:\/\/www.ilsole24ore.com\/art\/Terna-lancia-milano-nuovo-hub-una-rete-sempre-piu-digitale-AC37us6\"><img decoding=\"async\" src=\"https:\/\/www.key4biz.it\/wp-content\/uploads\/2017\/04\/ferraris-597x500.jpg\" alt=\"Luigi Ferraris, AD e DG Terna\" width=\"120\" \/><\/a><\/p>\n<h2>Inaugurato il terzo Innovation Hub di Terna, Luigi Ferraris: &#8220;Rete elettrica sempre pi\u00f9 moderna ed efficiente&#8221;<\/h2>\n<p>Focalizzare le scelte di sviluppo sui trend tecnologici pi\u00f9 rilevanti, i sistemi energetici evoluti e i materiali innovativi: sono gli obiettivi principali degli Innovation Hub ideati da <strong>Terna<\/strong>, la societ\u00e0 gestore della rete elettrica italiana che lo scorso dicembre ha aperto a Milano il terzo hub dopo quelli di Napoli e Torino. Veri e propri laboratori di open innovation che mettono a frutto il dialogo e lo scambio continuo con universit\u00e0, centri di ricerca, startup e altre imprese:<em> &#8220;L&#8217;hub \u00e8 uno strumento per portare avanti il nostro sfidante piano nazionale che prevede investimenti per oltre 700 milioni di euro in cinque anni in innovazione e digitalizzazione&#8221;<\/em> ha affermato la presidente Catia Bastioli durante l&#8217;inaugurazione. Non tutti gli hub sono uguali: quello di Milano possiede infatti due laboratori, il primo dedicato all&#8217;Energy Tech per abilitare i progetti di innovazione e il secondo incentrato sugli Advanced Analytics per lo sviluppo di algoritmi predittivi per il calcolo delle correnti di transito. <em>&#8220;L&#8217;obiettivo \u00e8 di sviluppare idee e percorsi innovativi a beneficio di una rete elettrica sempre pi\u00f9 moderna, efficiente, flessibile, sostenibile e soprattutto in grado di favorire la transizione energetica in atto&#8221;<\/em> ha spiegato l&#8217;Amministratore Delegato e Direttore Generale <strong>Luigi Ferraris<\/strong>. Gli Innovation Hub posseggono inoltre un&#8217;altra caratteristica centrale per la politica dell&#8217;azienda, la territorialit\u00e0: <em>&#8220;Siamo orgogliosi di proseguire in questo percorso di innovazione che si propone di creare sinergie tra le persone e le professionalit\u00e0 di <strong>Terna<\/strong> e le eccellenze del territorio. Un modo per rafforzare ulteriormente un legame che per noi \u00e8 cruciale e che ci ha spinti ad adottare il modello della progettazione partecipata che gi\u00e0 nello scorso anno ha prodotto ottimi risultati: basti pensare che nel 2018 abbiamo avuto 330 interazioni sul territorio e, nei primi sei mesi del 2019, eravamo gi\u00e0 a quota 200&#8243;<\/em>.<\/p>\n<h2>Terna, l&#8217;AD e DG Luigi Ferraris: &#8220;Italia Hub elettrico d&#8217;Europa&#8221;<\/h2>\n<p>Nei prossimi 5 anni <strong>Terna<\/strong> investir\u00e0 oltre 6 miliardi: l&#8217;obiettivo, secondo le parole dell&#8217;Amministratore Delegato e Direttore Generale <strong><a title=\"Luigi Ferraris: innovation hub Milano Terna\" href=\"https:\/\/www.ilsole24ore.com\/art\/Terna-lancia-milano-nuovo-hub-una-rete-sempre-piu-digitale-AC37us6\">Luigi Ferraris<\/a><\/strong>, \u00e8 rendere la Penisola hub elettrico dell&#8217;Europa: <em>&#8220;Rafforzare progressivamente l&#8217;impegno sulla rete e sulle interconnessioni con l&#8217;estero per rafforzare la magliatura della rete in modo da sfruttare tutta la produzione da rinnovabili concentrata prevalentemente al Sud; disporre di strumenti che consentano a chi produce energia con le centrali termoelettriche e le rinnovabili di avere corretti segnali di prezzo nel lungo periodo;\u2009sviluppare ulteriore capacit\u00e0 di accumulo e, infine, investire in digitalizzazione perch\u00e9 dobbiamo passare dalla logica dei watt a quella dei byte&#8221;<\/em>. Negli ultimi anni la societ\u00e0 ha potuto constatare i cambiamenti avvenuti in Italia nel settore, crescita delle rinnovabili e calo della capacit\u00e0 termoelettrica in primis. Uno degli strumenti su cui <strong>Terna<\/strong> punta di pi\u00f9 per ovviare alle problematiche di cui sopra \u00e8 l&#8217;innovazione tecnologica: la creazione degli Innovation Hub \u00e8 infatti uno dei capisaldi della strategia digitale del Gruppo al fine di ottenere una vera transizione e una rete elettrica sempre pi\u00f9 &#8220;intelligente&#8221; e performante.<\/p>\n","protected":false},"excerpt":{"rendered":"<p>Innovation Hub, laboratori di idee innovative a servizio della rete elettrica: si tratta del progetto di Terna, la societ\u00e0 guidata da Luigi Ferraris che il 17 dicembre scorso ha inaugurato a Milano la terza struttura dopo le aperture di Napoli e Torino. Inaugurato il terzo Innovation Hub di Terna, Luigi Ferraris: &#8220;Rete elettrica sempre pi\u00f9 [&hellip;]<\/p>\n","protected":false},"author":3860,"featured_media":0,"comment_status":"open","ping_status":"open","sticky":false,"template":"","format":"standard","meta":{"footnotes":""},"categories":[5,29],"tags":[13847,17416],"class_list":["post-46649","post","type-post","status-publish","format-standard","hentry","category-aziendali","category-comunicati","tag-luigi-ferraris","tag-terna"],"_links":{"self":[{"href":"https:\/\/www.area-press.eu\/comunicatistampa\/wp-json\/wp\/v2\/posts\/46649","targetHints":{"allow":["GET"]}}],"collection":[{"href":"https:\/\/www.area-press.eu\/comunicatistampa\/wp-json\/wp\/v2\/posts"}],"about":[{"href":"https:\/\/www.area-press.eu\/comunicatistampa\/wp-json\/wp\/v2\/types\/post"}],"author":[{"embeddable":true,"href":"https:\/\/www.area-press.eu\/comunicatistampa\/wp-json\/wp\/v2\/users\/3860"}],"replies":[{"embeddable":true,"href":"https:\/\/www.area-press.eu\/comunicatistampa\/wp-json\/wp\/v2\/comments?post=46649"}],"version-history":[{"count":1,"href":"https:\/\/www.area-press.eu\/comunicatistampa\/wp-json\/wp\/v2\/posts\/46649\/revisions"}],"predecessor-version":[{"id":46651,"href":"https:\/\/www.area-press.eu\/comunicatistampa\/wp-json\/wp\/v2\/posts\/46649\/revisions\/46651"}],"wp:attachment":[{"href":"https:\/\/www.area-press.eu\/comunicatistampa\/wp-json\/wp\/v2\/media?parent=46649"}],"wp:term":[{"taxonomy":"category","embeddable":true,"href":"https:\/\/www.area-press.eu\/comunicatistampa\/wp-json\/wp\/v2\/categories?post=46649"},{"taxonomy":"post_tag","embeddable":true,"href":"https:\/\/www.area-press.eu\/comunicatistampa\/wp-json\/wp\/v2\/tags?post=46649"}],"curies":[{"name":"wp","href":"https:\/\/api.w.org\/{rel}","templated":true}]}}