{"id":46643,"date":"2020-01-16T15:50:15","date_gmt":"2020-01-16T14:50:15","guid":{"rendered":"https:\/\/www.area-press.eu\/comunicatistampa\/?p=46643"},"modified":"2020-01-16T15:50:15","modified_gmt":"2020-01-16T14:50:15","slug":"progettazione-ospedaliera-italiana-la-carriera-di-fabio-inzani","status":"publish","type":"post","link":"https:\/\/www.area-press.eu\/comunicatistampa\/2020\/01\/16\/progettazione-ospedaliera-italiana-la-carriera-di-fabio-inzani\/","title":{"rendered":"Progettazione ospedaliera italiana: la carriera di Fabio Inzani"},"content":{"rendered":"<p><em><strong>Ha realizzato strutture ospedaliere sia in Italia che all&#8217;estero: Tecnicaer, guidata da <a href=\"https:\/\/www.originalcontents.eu\/tag\/fabio-inzani\/\" title=\"Fabio Inzani - original contents\">Fabio Inzani<\/a>, \u00e8 una delle realt\u00e0 leader nel settore della progettazione ospedaliera.<\/strong> <\/em><\/p>\n<p><a href=\"https:\/\/www.originalcontents.eu\/tag\/fabio-inzani\/\" title=\"Fabio Inzani - original contents\"><img decoding=\"async\" alt=\"Fabio Inzani\" src=\"https:\/\/www.originalcontents.eu\/wp-content\/uploads\/2019\/12\/fabio-inzani.jpg\" \/><\/a><\/p>\n<h2>Eccellenze italiane nella progettazione: la carriera di Fabio Inzani<\/h2>\n<p>Dal 2001 guida Tecnicaer Engineering, societ\u00e0 di ingegneria integrata, specializzata in progettazione di tecnologie sanitarie, strutture militari e carcerarie, edifici scolastici. <strong>Fabio Inzani<\/strong>, originario di Rimini, \u00e8 oggi Presidente, Amministratore Delegato e Direttore Tecnico dell&#8217;azienda che negli ultimi anni ha realizzato diversi progetti di rilievo tra cui il Polo Materno Infantile dell&#8217;Ospedale Sant&#8217;Orsola di Bologna, il Day Center 2 dell&#8217;Ospedale di Circolo di Varese e l&#8217;Ospedale Dei Bambini &quot;Vittore Buzzi&quot; a Milano, il nuovo ospedale Galliera di Genova, gli ampliamenti e riordini del Policlinico San Matteo di Pavia, degli Spedali Civili di Brescia e dell&#8217;Ospedale di Empoli; quindi in ambito universitario la nuova sede della facolt\u00e0 di veterinaria a lodi per l&#8217;universit\u00e0 degli studi di milano, l&#8217;ampliamento della sede di veterinaria dell&#8217;universit\u00e0 di Pisa, la nuova sede della facolt\u00e0 di Biologia dell&#8217;Universit\u00e0 di Pisa. Nel campo delle strutture militari si riscontrano importanti interventi quali il nuovo carcere di Nola (1200 posti), l&#8217;ampliamento del carcere di Verziano (BS), la ristrutturazione del carcere San Vittore di Milano, il nuovo carcere di San Vito al Tagliamento, l&#8217;ampliamento del carcere di Opera, il riordino e l&#8217;ampliamento della scuola allievi della Polizia di Stato in Alessandria. Laureato in Ingegneria Aeronautica e Spaziale presso il Politecnico di Torino, si \u00e8 specializzato in Progettazione e Gestione di Edifici Ospedalieri. In seguito tecnico abilitato al Ministero della Sanit\u00e0, il suo primo ruolo di responsabilit\u00e0 \u00e8 nel 1994 con la nomina a Responsabile delle Strutture della USL Regione Autonoma della Valle D&#8217;Aosta, in seguito riveste i ruoli di Ingegnere Capo, Responsabile Ufficio Tecnico, Responsabile del servizio di ingegneria clinica, Coordinatore del Ciclo e Responsabile del Procedimento presso l&#8217;Azienda Ospedaliera CTO &#8211; CRF &#8211; Maria Adelaide di Torino. Membro dell&#8217;I.F.H.E. (International Federation of Hospital Engineer), <strong>Fabio Inzani<\/strong> con la sua Tecnicaer ha progettato e realizzato interventi complessi per enti pubblici e privati sia italiani che esteri: attualmente insegna al Politecnico di Milano nell&#8217;ambito del Master di II livello in Pianificazione, Programmazione e Progettazione dei Sistemi Ospedalieri e Socio-sanitari.<\/p>\n<h2>La Tecnicaer di Fabio Inzani nel consiglio CNETO<\/h2>\n<p>Oltre all&#8217;attivit\u00e0 di insegnamento, <strong><a href=\"https:\/\/www.originalcontents.eu\/tag\/fabio-inzani\/\" title=\"Fabio Inzani, profilo original contents\">Fabio Inzani<\/a><\/strong> \u00e8 autore di articoli e pubblicazioni incentrate sulla sanit\u00e0. Interviene come relatore a numerosi convegni di settore e fa parte del Consiglio Nazionale del Centro Nazionale per l&#8217;Edilizia e la Tecnica Ospedaliera (CNETO). Il Centro ha come obiettivo primario quello di promuovere gli studi su tematiche e problemi specifici del settore sanitario, fornendo assistenza e documentazione: nato nel 1954 da un gruppo di progettisti edili-sanitari, l&#8217;associazione culturale promuove convegni, organizza visite alle strutture all&#8217;avanguardia presenti nei paesi esteri, collabora con le universit\u00e0 e favorisce il dialogo tra le aziende e i giovani attraverso numerosi workshop. Da diversi anni \u00e8 stato poi istituito il Premio CNETO, un riconoscimento dedicato a progettisti, imprese, ricercatori, docenti, studenti e neo-laureati coinvolti nel processo di progettazione e realizzazione di strutture sanitarie e socio-assistenziali. <strong>Fabio Inzani<\/strong> con Tecnicaer sono entrati a farne parte nel 2019.<\/p>\n","protected":false},"excerpt":{"rendered":"<p>Ha realizzato strutture ospedaliere sia in Italia che all&#8217;estero: Tecnicaer, guidata da Fabio Inzani, \u00e8 una delle realt\u00e0 leader nel settore della progettazione ospedaliera. Eccellenze italiane nella progettazione: la carriera di Fabio Inzani Dal 2001 guida Tecnicaer Engineering, societ\u00e0 di ingegneria integrata, specializzata in progettazione di tecnologie sanitarie, strutture militari e carcerarie, edifici scolastici. Fabio [&hellip;]<\/p>\n","protected":false},"author":40,"featured_media":0,"comment_status":"open","ping_status":"open","sticky":false,"template":"","format":"standard","meta":{"footnotes":""},"categories":[5],"tags":[25955],"class_list":["post-46643","post","type-post","status-publish","format-standard","hentry","category-aziendali","tag-fabio-inzani"],"_links":{"self":[{"href":"https:\/\/www.area-press.eu\/comunicatistampa\/wp-json\/wp\/v2\/posts\/46643","targetHints":{"allow":["GET"]}}],"collection":[{"href":"https:\/\/www.area-press.eu\/comunicatistampa\/wp-json\/wp\/v2\/posts"}],"about":[{"href":"https:\/\/www.area-press.eu\/comunicatistampa\/wp-json\/wp\/v2\/types\/post"}],"author":[{"embeddable":true,"href":"https:\/\/www.area-press.eu\/comunicatistampa\/wp-json\/wp\/v2\/users\/40"}],"replies":[{"embeddable":true,"href":"https:\/\/www.area-press.eu\/comunicatistampa\/wp-json\/wp\/v2\/comments?post=46643"}],"version-history":[{"count":1,"href":"https:\/\/www.area-press.eu\/comunicatistampa\/wp-json\/wp\/v2\/posts\/46643\/revisions"}],"predecessor-version":[{"id":46645,"href":"https:\/\/www.area-press.eu\/comunicatistampa\/wp-json\/wp\/v2\/posts\/46643\/revisions\/46645"}],"wp:attachment":[{"href":"https:\/\/www.area-press.eu\/comunicatistampa\/wp-json\/wp\/v2\/media?parent=46643"}],"wp:term":[{"taxonomy":"category","embeddable":true,"href":"https:\/\/www.area-press.eu\/comunicatistampa\/wp-json\/wp\/v2\/categories?post=46643"},{"taxonomy":"post_tag","embeddable":true,"href":"https:\/\/www.area-press.eu\/comunicatistampa\/wp-json\/wp\/v2\/tags?post=46643"}],"curies":[{"name":"wp","href":"https:\/\/api.w.org\/{rel}","templated":true}]}}